{"id":26166,"date":"2025-08-06T07:22:32","date_gmt":"2025-08-06T07:22:32","guid":{"rendered":"https:\/\/crit-research.it\/?p=26166"},"modified":"2025-10-27T15:58:47","modified_gmt":"2025-10-27T15:58:47","slug":"il-programma-di-pre-accelerazione-motorstarter-si-avvia-a-conclusione","status":"publish","type":"post","link":"https:\/\/crit-research.it\/it\/notizie\/il-programma-di-pre-accelerazione-motorstarter-si-avvia-a-conclusione\/","title":{"rendered":"Il programma di pre-accelerazione MotorStartER si avvia a conclusione"},"content":{"rendered":"<p data-start=\"186\" data-end=\"695\">Sta giungendo al termine il programma di pre-accelerazione <strong data-start=\"214\" data-end=\"230\">MotorStartER<\/strong>\u00a0promosso da <strong data-start=\"278\" data-end=\"286\">CRIT<\/strong>. Il percorso, avviato a febbraio, ha coinvolto <strong data-start=\"495\" data-end=\"510\">sei startup<\/strong> con sede legale e\/o operativa in <strong data-start=\"544\" data-end=\"562\">Emilia-Romagna<\/strong>: infatti, una di queste si \u00e8 costituita appositamente per poter partecipare, mentre un\u2019altra ha trasferito la propria sede operativa nella regione.<\/p>\n<p data-start=\"697\" data-end=\"1171\"><strong data-start=\"697\" data-end=\"713\">MotorStartER<\/strong> ha offerto alle realt\u00e0 selezionate un percorso di <strong data-start=\"764\" data-end=\"776\">sei mesi<\/strong> articolato in <strong data-start=\"791\" data-end=\"806\">11 workshop<\/strong> tematici. Inoltre, le startup hanno beneficiato di <strong data-start=\"1012\" data-end=\"1041\">mentorship personalizzata <\/strong>e\u00a0incontri periodici con il team di supporto per monitorare i KPI, affrontare criticit\u00e0 e affinare il proprio modello di business.<\/p>\n<p data-start=\"1173\" data-end=\"1388\">Accanto ai momenti formativi, MotorStartER ha proposto <strong data-start=\"1228\" data-end=\"1253\">tre eventi principali<\/strong> che hanno contribuito a consolidare il posizionamento delle startup all\u2019interno dell\u2019ecosistema imprenditoriale regionale e nazionale:<\/p>\n<ul data-start=\"1390\" data-end=\"1719\">\n<li data-start=\"1390\" data-end=\"1467\">\n<p data-start=\"1392\" data-end=\"1467\"><strong data-start=\"1392\" data-end=\"1410\">Founders Mixer<\/strong>, un confronto diretto con founder di startup pi\u00f9 mature;<\/p>\n<\/li>\n<li data-start=\"1468\" data-end=\"1587\">\n<p data-start=\"1470\" data-end=\"1587\"><strong data-start=\"1470\" data-end=\"1496\">Networking Day di CRIT<\/strong>, con la partecipazione di manager e decision maker del settore automotive e manufacturing;<\/p>\n<\/li>\n<li data-start=\"1588\" data-end=\"1719\">\n<p data-start=\"1590\" data-end=\"1719\"><strong data-start=\"1590\" data-end=\"1611\">Motor Valley Fest<\/strong>, dove le startup hanno presentato le proprie soluzioni in uno stand dedicato, all\u2019interno del Demo Day.<\/p>\n<\/li>\n<\/ul>\n<p data-start=\"1721\" data-end=\"1945\">La maggior parte delle attivit\u00e0 si \u00e8 svolta negli spazi del Motor Valley Accelerator a Modena, una struttura di 600 mq nel cuore della citt\u00e0, pensata per favorire collaborazione, networking e contaminazione tra imprese innovative.<\/p>\n<p data-start=\"1947\" data-end=\"2296\">Il programma ha rappresentato una concreta opportunit\u00e0 di crescita per le startup coinvolte, non solo grazie al supporto metodologico e strategico fornito da CRIT, ma anche grazie all\u2019accesso a un ecosistema industriale, finanziario e tecnologico di alto livello, costruito a partire dall\u2019esperienza del Motor Valley Accelerator.<\/p>\n<p data-start=\"2298\" data-end=\"2629\"><strong data-start=\"2298\" data-end=\"2384\">Il programma di pre-accelerazione MotorStartER ha confermato l\u2019importanza di percorsi strutturati di accompagnamento<\/strong>, capaci di trasformare idee imprenditoriali in progetti concreti, pronti a dialogare con i mercati e gli investitori. Un\u2019esperienza che ha rafforzato il ruolo della Motor Valley come polo di innovazione per il settore mobility e manifatturiero.<\/p>\n<p data-start=\"2298\" data-end=\"2629\"><strong>Il progetto \u00e8 stato realizzato grazie ai fondi europei della Regione Emilia-Romagna.<\/strong><\/p>\n<p data-start=\"2298\" data-end=\"2629\"><img loading=\"lazy\" decoding=\"async\" class=\"size-medium wp-image-26350 alignleft\" src=\"https:\/\/crit-research.it\/wp-content\/uploads\/2025\/08\/Loghi_CoesioneITA_UE_REP_ER_21-27_estesa_colore-800x57.jpg\" alt=\"\" width=\"800\" height=\"57\" srcset=\"https:\/\/crit-research.it\/wp-content\/uploads\/2025\/08\/Loghi_CoesioneITA_UE_REP_ER_21-27_estesa_colore-800x57.jpg 800w, https:\/\/crit-research.it\/wp-content\/uploads\/2025\/08\/Loghi_CoesioneITA_UE_REP_ER_21-27_estesa_colore-768x55.jpg 768w, https:\/\/crit-research.it\/wp-content\/uploads\/2025\/08\/Loghi_CoesioneITA_UE_REP_ER_21-27_estesa_colore-1536x110.jpg 1536w, https:\/\/crit-research.it\/wp-content\/uploads\/2025\/08\/Loghi_CoesioneITA_UE_REP_ER_21-27_estesa_colore-2048x147.jpg 2048w\" sizes=\"auto, (max-width: 800px) 100vw, 800px\" \/><\/p>\n","protected":false},"excerpt":{"rendered":"<p>Sta giungendo al termine il programma di pre-accelerazione MotorStartER promosso da CRIT. Il percorso, avviato a febbraio, ha coinvolto sei startup con sede legale e\/o operativa in Emilia-Romagna.<\/p>\n","protected":false},"author":55,"featured_media":0,"comment_status":"closed","ping_status":"closed","sticky":false,"template":"","format":"standard","meta":{"_acf_changed":false,"inline_featured_image":false,"footnotes":""},"categories":[832],"tags":[],"class_list":["post-26166","post","type-post","status-publish","format-standard","hentry","category-notizie"],"acf":[],"yoast_head":"<!-- This site is optimized with the Yoast SEO plugin v27.5 - https:\/\/yoast.com\/product\/yoast-seo-wordpress\/ -->\n<title>Il programma di pre-accelerazione MotorStartER si avvia a conclusione &#8211; CRIT<\/title>\n<meta name=\"robots\" content=\"index, follow, max-snippet:-1, max-image-preview:large, max-video-preview:-1\" \/>\n<link rel=\"canonical\" href=\"https:\/\/crit-research.it\/it\/notizie\/il-programma-di-pre-accelerazione-motorstarter-si-avvia-a-conclusione\/\" \/>\n<meta property=\"og:locale\" content=\"it_IT\" \/>\n<meta property=\"og:type\" content=\"article\" \/>\n<meta property=\"og:title\" content=\"Il programma di pre-accelerazione MotorStartER si avvia a conclusione &#8211; CRIT\" \/>\n<meta property=\"og:description\" content=\"Sta giungendo al termine il programma di pre-accelerazione MotorStartER promosso da CRIT. Il percorso, avviato a febbraio, ha coinvolto sei startup con sede legale e\/o operativa in Emilia-Romagna.\" \/>\n<meta property=\"og:url\" content=\"https:\/\/crit-research.it\/it\/notizie\/il-programma-di-pre-accelerazione-motorstarter-si-avvia-a-conclusione\/\" \/>\n<meta property=\"og:site_name\" content=\"CRIT\" \/>\n<meta property=\"article:publisher\" content=\"https:\/\/www.facebook.com\/CritResearch\" \/>\n<meta property=\"article:published_time\" content=\"2025-08-06T07:22:32+00:00\" \/>\n<meta property=\"article:modified_time\" content=\"2025-10-27T15:58:47+00:00\" \/>\n<meta property=\"og:image\" content=\"https:\/\/crit-research.it\/wp-content\/uploads\/2025\/08\/Loghi_CoesioneITA_UE_REP_ER_21-27_estesa_colore-scaled.jpg\" \/>\n\t<meta property=\"og:image:width\" content=\"2560\" \/>\n\t<meta property=\"og:image:height\" content=\"183\" \/>\n\t<meta property=\"og:image:type\" content=\"image\/jpeg\" \/>\n<meta name=\"author\" content=\"Chiara Bazzani\" \/>\n<meta name=\"twitter:card\" content=\"summary_large_image\" \/>\n<meta name=\"twitter:creator\" content=\"@Chiara Bazzani\" \/>\n<meta name=\"twitter:site\" content=\"@CRIT_Research\" \/>\n<meta name=\"twitter:label1\" content=\"Scritto da\" \/>\n\t<meta name=\"twitter:data1\" content=\"Chiara Bazzani\" \/>\n\t<meta name=\"twitter:label2\" content=\"Tempo di lettura stimato\" \/>\n\t<meta name=\"twitter:data2\" content=\"2 minuti\" \/>\n<script type=\"application\/ld+json\" class=\"yoast-schema-graph\">{\"@context\":\"https:\\\/\\\/schema.org\",\"@graph\":[{\"@type\":\"Article\",\"@id\":\"https:\\\/\\\/crit-research.it\\\/it\\\/notizie\\\/il-programma-di-pre-accelerazione-motorstarter-si-avvia-a-conclusione\\\/#article\",\"isPartOf\":{\"@id\":\"https:\\\/\\\/crit-research.it\\\/it\\\/notizie\\\/il-programma-di-pre-accelerazione-motorstarter-si-avvia-a-conclusione\\\/\"},\"author\":{\"name\":\"Chiara Bazzani\",\"@id\":\"https:\\\/\\\/crit-research.it\\\/it\\\/#\\\/schema\\\/person\\\/ad1ed7e05bceb20d68f6f3c2624f4672\"},\"headline\":\"Il programma di pre-accelerazione MotorStartER si avvia a conclusione\",\"datePublished\":\"2025-08-06T07:22:32+00:00\",\"dateModified\":\"2025-10-27T15:58:47+00:00\",\"mainEntityOfPage\":{\"@id\":\"https:\\\/\\\/crit-research.it\\\/it\\\/notizie\\\/il-programma-di-pre-accelerazione-motorstarter-si-avvia-a-conclusione\\\/\"},\"wordCount\":321,\"publisher\":{\"@id\":\"https:\\\/\\\/crit-research.it\\\/it\\\/#organization\"},\"image\":{\"@id\":\"https:\\\/\\\/crit-research.it\\\/it\\\/notizie\\\/il-programma-di-pre-accelerazione-motorstarter-si-avvia-a-conclusione\\\/#primaryimage\"},\"thumbnailUrl\":\"https:\\\/\\\/crit-research.it\\\/wp-content\\\/uploads\\\/2025\\\/08\\\/Loghi_CoesioneITA_UE_REP_ER_21-27_estesa_colore-800x57.jpg\",\"articleSection\":[\"Notizie\"],\"inLanguage\":\"it-IT\"},{\"@type\":\"WebPage\",\"@id\":\"https:\\\/\\\/crit-research.it\\\/it\\\/notizie\\\/il-programma-di-pre-accelerazione-motorstarter-si-avvia-a-conclusione\\\/\",\"url\":\"https:\\\/\\\/crit-research.it\\\/it\\\/notizie\\\/il-programma-di-pre-accelerazione-motorstarter-si-avvia-a-conclusione\\\/\",\"name\":\"Il programma di pre-accelerazione MotorStartER si avvia a conclusione &#8211; CRIT\",\"isPartOf\":{\"@id\":\"https:\\\/\\\/crit-research.it\\\/it\\\/#website\"},\"primaryImageOfPage\":{\"@id\":\"https:\\\/\\\/crit-research.it\\\/it\\\/notizie\\\/il-programma-di-pre-accelerazione-motorstarter-si-avvia-a-conclusione\\\/#primaryimage\"},\"image\":{\"@id\":\"https:\\\/\\\/crit-research.it\\\/it\\\/notizie\\\/il-programma-di-pre-accelerazione-motorstarter-si-avvia-a-conclusione\\\/#primaryimage\"},\"thumbnailUrl\":\"https:\\\/\\\/crit-research.it\\\/wp-content\\\/uploads\\\/2025\\\/08\\\/Loghi_CoesioneITA_UE_REP_ER_21-27_estesa_colore-800x57.jpg\",\"datePublished\":\"2025-08-06T07:22:32+00:00\",\"dateModified\":\"2025-10-27T15:58:47+00:00\",\"breadcrumb\":{\"@id\":\"https:\\\/\\\/crit-research.it\\\/it\\\/notizie\\\/il-programma-di-pre-accelerazione-motorstarter-si-avvia-a-conclusione\\\/#breadcrumb\"},\"inLanguage\":\"it-IT\",\"potentialAction\":[{\"@type\":\"ReadAction\",\"target\":[\"https:\\\/\\\/crit-research.it\\\/it\\\/notizie\\\/il-programma-di-pre-accelerazione-motorstarter-si-avvia-a-conclusione\\\/\"]}]},{\"@type\":\"ImageObject\",\"inLanguage\":\"it-IT\",\"@id\":\"https:\\\/\\\/crit-research.it\\\/it\\\/notizie\\\/il-programma-di-pre-accelerazione-motorstarter-si-avvia-a-conclusione\\\/#primaryimage\",\"url\":\"https:\\\/\\\/crit-research.it\\\/wp-content\\\/uploads\\\/2025\\\/08\\\/Loghi_CoesioneITA_UE_REP_ER_21-27_estesa_colore-800x57.jpg\",\"contentUrl\":\"https:\\\/\\\/crit-research.it\\\/wp-content\\\/uploads\\\/2025\\\/08\\\/Loghi_CoesioneITA_UE_REP_ER_21-27_estesa_colore-800x57.jpg\"},{\"@type\":\"BreadcrumbList\",\"@id\":\"https:\\\/\\\/crit-research.it\\\/it\\\/notizie\\\/il-programma-di-pre-accelerazione-motorstarter-si-avvia-a-conclusione\\\/#breadcrumb\",\"itemListElement\":[{\"@type\":\"ListItem\",\"position\":1,\"name\":\"Notizie\",\"item\":\"https:\\\/\\\/crit-research.it\\\/it\\\/notizie\\\/\"},{\"@type\":\"ListItem\",\"position\":2,\"name\":\"Il programma di pre-accelerazione MotorStartER si avvia a conclusione\"}]},{\"@type\":\"WebSite\",\"@id\":\"https:\\\/\\\/crit-research.it\\\/it\\\/#website\",\"url\":\"https:\\\/\\\/crit-research.it\\\/it\\\/\",\"name\":\"CRIT\",\"description\":\"Scouting Your Next Technology\",\"publisher\":{\"@id\":\"https:\\\/\\\/crit-research.it\\\/it\\\/#organization\"},\"potentialAction\":[{\"@type\":\"SearchAction\",\"target\":{\"@type\":\"EntryPoint\",\"urlTemplate\":\"https:\\\/\\\/crit-research.it\\\/it\\\/?s={search_term_string}\"},\"query-input\":{\"@type\":\"PropertyValueSpecification\",\"valueRequired\":true,\"valueName\":\"search_term_string\"}}],\"inLanguage\":\"it-IT\"},{\"@type\":\"Organization\",\"@id\":\"https:\\\/\\\/crit-research.it\\\/it\\\/#organization\",\"name\":\"CRIT srl\",\"url\":\"https:\\\/\\\/crit-research.it\\\/it\\\/\",\"logo\":{\"@type\":\"ImageObject\",\"inLanguage\":\"it-IT\",\"@id\":\"https:\\\/\\\/crit-research.it\\\/it\\\/#\\\/schema\\\/logo\\\/image\\\/\",\"url\":\"https:\\\/\\\/dev.crit-research.it\\\/wp-content\\\/uploads\\\/2019\\\/10\\\/crit-horiz-tags-blu.png\",\"contentUrl\":\"https:\\\/\\\/dev.crit-research.it\\\/wp-content\\\/uploads\\\/2019\\\/10\\\/crit-horiz-tags-blu.png\",\"width\":2163,\"height\":1557,\"caption\":\"CRIT srl\"},\"image\":{\"@id\":\"https:\\\/\\\/crit-research.it\\\/it\\\/#\\\/schema\\\/logo\\\/image\\\/\"},\"sameAs\":[\"https:\\\/\\\/www.facebook.com\\\/CritResearch\",\"https:\\\/\\\/x.com\\\/CRIT_Research\",\"https:\\\/\\\/www.linkedin.com\\\/company\\\/crit-s-r-l\",\"https:\\\/\\\/www.youtube.com\\\/user\\\/CRITsrl\"]},{\"@type\":\"Person\",\"@id\":\"https:\\\/\\\/crit-research.it\\\/it\\\/#\\\/schema\\\/person\\\/ad1ed7e05bceb20d68f6f3c2624f4672\",\"name\":\"Chiara Bazzani\",\"sameAs\":[\"https:\\\/\\\/x.com\\\/Chiara Bazzani\"]}]}<\/script>\n<!-- \/ Yoast SEO plugin. -->","yoast_head_json":{"title":"Il programma di pre-accelerazione MotorStartER si avvia a conclusione &#8211; CRIT","robots":{"index":"index","follow":"follow","max-snippet":"max-snippet:-1","max-image-preview":"max-image-preview:large","max-video-preview":"max-video-preview:-1"},"canonical":"https:\/\/crit-research.it\/it\/notizie\/il-programma-di-pre-accelerazione-motorstarter-si-avvia-a-conclusione\/","og_locale":"it_IT","og_type":"article","og_title":"Il programma di pre-accelerazione MotorStartER si avvia a conclusione &#8211; CRIT","og_description":"Sta giungendo al termine il programma di pre-accelerazione MotorStartER promosso da CRIT. Il percorso, avviato a febbraio, ha coinvolto sei startup con sede legale e\/o operativa in Emilia-Romagna.","og_url":"https:\/\/crit-research.it\/it\/notizie\/il-programma-di-pre-accelerazione-motorstarter-si-avvia-a-conclusione\/","og_site_name":"CRIT","article_publisher":"https:\/\/www.facebook.com\/CritResearch","article_published_time":"2025-08-06T07:22:32+00:00","article_modified_time":"2025-10-27T15:58:47+00:00","og_image":[{"width":2560,"height":183,"url":"https:\/\/crit-research.it\/wp-content\/uploads\/2025\/08\/Loghi_CoesioneITA_UE_REP_ER_21-27_estesa_colore-scaled.jpg","type":"image\/jpeg"}],"author":"Chiara Bazzani","twitter_card":"summary_large_image","twitter_creator":"@Chiara Bazzani","twitter_site":"@CRIT_Research","twitter_misc":{"Scritto da":"Chiara Bazzani","Tempo di lettura stimato":"2 minuti"},"schema":{"@context":"https:\/\/schema.org","@graph":[{"@type":"Article","@id":"https:\/\/crit-research.it\/it\/notizie\/il-programma-di-pre-accelerazione-motorstarter-si-avvia-a-conclusione\/#article","isPartOf":{"@id":"https:\/\/crit-research.it\/it\/notizie\/il-programma-di-pre-accelerazione-motorstarter-si-avvia-a-conclusione\/"},"author":{"name":"Chiara Bazzani","@id":"https:\/\/crit-research.it\/it\/#\/schema\/person\/ad1ed7e05bceb20d68f6f3c2624f4672"},"headline":"Il programma di pre-accelerazione MotorStartER si avvia a conclusione","datePublished":"2025-08-06T07:22:32+00:00","dateModified":"2025-10-27T15:58:47+00:00","mainEntityOfPage":{"@id":"https:\/\/crit-research.it\/it\/notizie\/il-programma-di-pre-accelerazione-motorstarter-si-avvia-a-conclusione\/"},"wordCount":321,"publisher":{"@id":"https:\/\/crit-research.it\/it\/#organization"},"image":{"@id":"https:\/\/crit-research.it\/it\/notizie\/il-programma-di-pre-accelerazione-motorstarter-si-avvia-a-conclusione\/#primaryimage"},"thumbnailUrl":"https:\/\/crit-research.it\/wp-content\/uploads\/2025\/08\/Loghi_CoesioneITA_UE_REP_ER_21-27_estesa_colore-800x57.jpg","articleSection":["Notizie"],"inLanguage":"it-IT"},{"@type":"WebPage","@id":"https:\/\/crit-research.it\/it\/notizie\/il-programma-di-pre-accelerazione-motorstarter-si-avvia-a-conclusione\/","url":"https:\/\/crit-research.it\/it\/notizie\/il-programma-di-pre-accelerazione-motorstarter-si-avvia-a-conclusione\/","name":"Il programma di pre-accelerazione MotorStartER si avvia a conclusione &#8211; CRIT","isPartOf":{"@id":"https:\/\/crit-research.it\/it\/#website"},"primaryImageOfPage":{"@id":"https:\/\/crit-research.it\/it\/notizie\/il-programma-di-pre-accelerazione-motorstarter-si-avvia-a-conclusione\/#primaryimage"},"image":{"@id":"https:\/\/crit-research.it\/it\/notizie\/il-programma-di-pre-accelerazione-motorstarter-si-avvia-a-conclusione\/#primaryimage"},"thumbnailUrl":"https:\/\/crit-research.it\/wp-content\/uploads\/2025\/08\/Loghi_CoesioneITA_UE_REP_ER_21-27_estesa_colore-800x57.jpg","datePublished":"2025-08-06T07:22:32+00:00","dateModified":"2025-10-27T15:58:47+00:00","breadcrumb":{"@id":"https:\/\/crit-research.it\/it\/notizie\/il-programma-di-pre-accelerazione-motorstarter-si-avvia-a-conclusione\/#breadcrumb"},"inLanguage":"it-IT","potentialAction":[{"@type":"ReadAction","target":["https:\/\/crit-research.it\/it\/notizie\/il-programma-di-pre-accelerazione-motorstarter-si-avvia-a-conclusione\/"]}]},{"@type":"ImageObject","inLanguage":"it-IT","@id":"https:\/\/crit-research.it\/it\/notizie\/il-programma-di-pre-accelerazione-motorstarter-si-avvia-a-conclusione\/#primaryimage","url":"https:\/\/crit-research.it\/wp-content\/uploads\/2025\/08\/Loghi_CoesioneITA_UE_REP_ER_21-27_estesa_colore-800x57.jpg","contentUrl":"https:\/\/crit-research.it\/wp-content\/uploads\/2025\/08\/Loghi_CoesioneITA_UE_REP_ER_21-27_estesa_colore-800x57.jpg"},{"@type":"BreadcrumbList","@id":"https:\/\/crit-research.it\/it\/notizie\/il-programma-di-pre-accelerazione-motorstarter-si-avvia-a-conclusione\/#breadcrumb","itemListElement":[{"@type":"ListItem","position":1,"name":"Notizie","item":"https:\/\/crit-research.it\/it\/notizie\/"},{"@type":"ListItem","position":2,"name":"Il programma di pre-accelerazione MotorStartER si avvia a conclusione"}]},{"@type":"WebSite","@id":"https:\/\/crit-research.it\/it\/#website","url":"https:\/\/crit-research.it\/it\/","name":"CRIT","description":"Scouting Your Next Technology","publisher":{"@id":"https:\/\/crit-research.it\/it\/#organization"},"potentialAction":[{"@type":"SearchAction","target":{"@type":"EntryPoint","urlTemplate":"https:\/\/crit-research.it\/it\/?s={search_term_string}"},"query-input":{"@type":"PropertyValueSpecification","valueRequired":true,"valueName":"search_term_string"}}],"inLanguage":"it-IT"},{"@type":"Organization","@id":"https:\/\/crit-research.it\/it\/#organization","name":"CRIT srl","url":"https:\/\/crit-research.it\/it\/","logo":{"@type":"ImageObject","inLanguage":"it-IT","@id":"https:\/\/crit-research.it\/it\/#\/schema\/logo\/image\/","url":"https:\/\/dev.crit-research.it\/wp-content\/uploads\/2019\/10\/crit-horiz-tags-blu.png","contentUrl":"https:\/\/dev.crit-research.it\/wp-content\/uploads\/2019\/10\/crit-horiz-tags-blu.png","width":2163,"height":1557,"caption":"CRIT srl"},"image":{"@id":"https:\/\/crit-research.it\/it\/#\/schema\/logo\/image\/"},"sameAs":["https:\/\/www.facebook.com\/CritResearch","https:\/\/x.com\/CRIT_Research","https:\/\/www.linkedin.com\/company\/crit-s-r-l","https:\/\/www.youtube.com\/user\/CRITsrl"]},{"@type":"Person","@id":"https:\/\/crit-research.it\/it\/#\/schema\/person\/ad1ed7e05bceb20d68f6f3c2624f4672","name":"Chiara Bazzani","sameAs":["https:\/\/x.com\/Chiara Bazzani"]}]}},"_links":{"self":[{"href":"https:\/\/crit-research.it\/it\/wp-json\/wp\/v2\/posts\/26166","targetHints":{"allow":["GET"]}}],"collection":[{"href":"https:\/\/crit-research.it\/it\/wp-json\/wp\/v2\/posts"}],"about":[{"href":"https:\/\/crit-research.it\/it\/wp-json\/wp\/v2\/types\/post"}],"author":[{"embeddable":true,"href":"https:\/\/crit-research.it\/it\/wp-json\/wp\/v2\/users\/55"}],"replies":[{"embeddable":true,"href":"https:\/\/crit-research.it\/it\/wp-json\/wp\/v2\/comments?post=26166"}],"version-history":[{"count":11,"href":"https:\/\/crit-research.it\/it\/wp-json\/wp\/v2\/posts\/26166\/revisions"}],"predecessor-version":[{"id":26356,"href":"https:\/\/crit-research.it\/it\/wp-json\/wp\/v2\/posts\/26166\/revisions\/26356"}],"wp:attachment":[{"href":"https:\/\/crit-research.it\/it\/wp-json\/wp\/v2\/media?parent=26166"}],"wp:term":[{"taxonomy":"category","embeddable":true,"href":"https:\/\/crit-research.it\/it\/wp-json\/wp\/v2\/categories?post=26166"},{"taxonomy":"post_tag","embeddable":true,"href":"https:\/\/crit-research.it\/it\/wp-json\/wp\/v2\/tags?post=26166"}],"curies":[{"name":"wp","href":"https:\/\/api.w.org\/{rel}","templated":true}]}}