{"id":24167,"date":"2024-03-28T12:35:21","date_gmt":"2024-03-28T12:35:21","guid":{"rendered":"https:\/\/dev.crit-research.it\/notizie\/icim-e-sicer-insieme-per-formare-e-certificare-i-mobility-manager-2\/"},"modified":"2024-05-28T13:02:23","modified_gmt":"2024-05-28T13:02:23","slug":"icim-e-sicer-insieme-per-formare-e-certificare-i-mobility-manager-2","status":"publish","type":"post","link":"https:\/\/crit-research.it\/it\/notizie\/icim-e-sicer-insieme-per-formare-e-certificare-i-mobility-manager-2\/","title":{"rendered":"Formazione e certificazione per Mobility Manager"},"content":{"rendered":"<p><strong>ICIM Spa <\/strong>(ente di certificazione di terza parte) e<strong> SICER Srl <\/strong>(societ\u00e0 di formazione e consulenza) hanno stipulato un <strong>accordo di partnership <\/strong>in base al quale\u00a0 <strong>certificare la figura professionale di Mobility Manager <\/strong><strong>secondo la UNI\/PdR 35:2018<\/strong>, attraverso un percorso di <strong>formazione<\/strong> erogato da <strong>SICER<\/strong> Srl che si concluder\u00e0 con l\u2019esame di <strong>certificazione<\/strong> tenuto da <strong>ICIM<\/strong> SpA.<\/p>\n<p>Il servizio mira a <strong>supportare le competenze del Mobility Manager e a consolidarne l\u2019importanza nel panorama aziendale<\/strong>, in considerazione dell\u2019impatto che questo ruolo ha sulla sostenibilit\u00e0 aziendale, sulla mobilit\u00e0 e sulle emissioni.<\/p>\n<p><strong>Il prossimo corso <\/strong>(erogato da Sicer Academy) <strong>inizier\u00e0 l&#8217;11 Aprile <\/strong>e consister\u00e0 di 7 moduli di 3 ore ciascuno distribuiti tra aprile e maggio, per un totale di 21 ore e 35 crediti,<strong> a conclusione del quale sar\u00e0 possibile sostenere l&#8217;esame di certificazione da parte di ICIM.<\/strong><\/p>\n<p><strong>Obiettivo <\/strong>del corso \u00e8 fornire strumenti e nozioni utili per svolgere le attivit\u00e0 e le funzioni richieste dalle normative e linee guida e per ottenere cos\u00ec la certificazione della figura professionale. Il corso consente un\u2019ampia panoramica sul tema della mobilit\u00e0 sostenibile e delle sue implicazioni trasversali ed indispensabili per la transizione ecologica delle aziende pubbliche e private, onde acquisire le competenze necessarie per poter ricoprire anche ruoli apicali nel management aziendale.<\/p>\n<p>La certificazione ha una durata triennale e prevede sorveglianze di periodicit\u00e0 annuale. Ogni figura professionale certificata entra a far parte del registro delle figure professionali certificate di Icim, consultabile pubblicamente.<\/p>\n<p>Un professionista della mobilit\u00e0 in possesso di una certificazione pu\u00f2 offrire <strong>maggiori garanzie circa le sue abilit\u00e0 e competenze<\/strong> ed essere pi\u00f9 competitivo in un mercato in costante crescita.<\/p>\n<p>Il corso e l\u2019esame finale si svolgeranno <strong>interamente online.<\/strong><\/p>\n<p>Si accettano iscrizioni mirate anche solo all\u2019esame di certificazione.<\/p>\n<p><strong><a href=\"mailto:andrea.vecchi@icim.it\">Per maggiori informazioni: Andrea Vecchi (ICIM Spa)<\/a><\/strong><\/p>\n","protected":false},"excerpt":{"rendered":"<p>ICIM Spa (ente di certificazione di terza parte) e SICER Srl (societ\u00e0 di formazione e consulenza) hanno stipulato un accordo di partnership in base al quale\u00a0 certificare la figura professionale di Mobility Manager secondo la UNI\/PdR 35:2018, attraverso un percorso di formazione erogato da SICER Srl che si concluder\u00e0 con l\u2019esame di certificazione tenuto da [&hellip;]<\/p>\n","protected":false},"author":50,"featured_media":24495,"comment_status":"closed","ping_status":"closed","sticky":false,"template":"","format":"standard","meta":{"_acf_changed":false,"inline_featured_image":false,"footnotes":""},"categories":[832],"tags":[],"class_list":["post-24167","post","type-post","status-publish","format-standard","has-post-thumbnail","hentry","category-notizie"],"acf":[],"yoast_head":"<!-- This site is optimized with the Yoast SEO plugin v27.5 - https:\/\/yoast.com\/product\/yoast-seo-wordpress\/ -->\n<title>Formazione e certificazione per Mobility Manager &#8211; CRIT<\/title>\n<meta name=\"robots\" content=\"index, follow, max-snippet:-1, max-image-preview:large, max-video-preview:-1\" \/>\n<link rel=\"canonical\" href=\"https:\/\/crit-research.it\/it\/notizie\/icim-e-sicer-insieme-per-formare-e-certificare-i-mobility-manager-2\/\" \/>\n<meta property=\"og:locale\" content=\"it_IT\" \/>\n<meta property=\"og:type\" content=\"article\" \/>\n<meta property=\"og:title\" content=\"Formazione e certificazione per Mobility Manager &#8211; CRIT\" \/>\n<meta property=\"og:description\" content=\"ICIM Spa (ente di certificazione di terza parte) e SICER Srl (societ\u00e0 di formazione e consulenza) hanno stipulato un accordo di partnership in base al quale\u00a0 certificare la figura professionale di Mobility Manager secondo la UNI\/PdR 35:2018, attraverso un percorso di formazione erogato da SICER Srl che si concluder\u00e0 con l\u2019esame di certificazione tenuto da [&hellip;]\" \/>\n<meta property=\"og:url\" content=\"https:\/\/crit-research.it\/it\/notizie\/icim-e-sicer-insieme-per-formare-e-certificare-i-mobility-manager-2\/\" \/>\n<meta property=\"og:site_name\" content=\"CRIT\" \/>\n<meta property=\"article:publisher\" content=\"https:\/\/www.facebook.com\/CritResearch\" \/>\n<meta property=\"article:published_time\" content=\"2024-03-28T12:35:21+00:00\" \/>\n<meta property=\"article:modified_time\" content=\"2024-05-28T13:02:23+00:00\" \/>\n<meta property=\"og:image\" content=\"https:\/\/crit-research.it\/wp-content\/uploads\/2024\/03\/4-scaled.jpg\" \/>\n\t<meta property=\"og:image:width\" content=\"2560\" \/>\n\t<meta property=\"og:image:height\" content=\"1477\" \/>\n\t<meta property=\"og:image:type\" content=\"image\/jpeg\" \/>\n<meta name=\"author\" content=\"Alessandro Bagnoli\" \/>\n<meta name=\"twitter:card\" content=\"summary_large_image\" \/>\n<meta name=\"twitter:creator\" content=\"@CRIT_Research\" \/>\n<meta name=\"twitter:site\" content=\"@CRIT_Research\" \/>\n<meta name=\"twitter:label1\" content=\"Scritto da\" \/>\n\t<meta name=\"twitter:data1\" content=\"Alessandro Bagnoli\" \/>\n\t<meta name=\"twitter:label2\" content=\"Tempo di lettura stimato\" \/>\n\t<meta name=\"twitter:data2\" content=\"2 minuti\" \/>\n<script type=\"application\/ld+json\" class=\"yoast-schema-graph\">{\"@context\":\"https:\\\/\\\/schema.org\",\"@graph\":[{\"@type\":\"Article\",\"@id\":\"https:\\\/\\\/crit-research.it\\\/it\\\/notizie\\\/icim-e-sicer-insieme-per-formare-e-certificare-i-mobility-manager-2\\\/#article\",\"isPartOf\":{\"@id\":\"https:\\\/\\\/crit-research.it\\\/it\\\/notizie\\\/icim-e-sicer-insieme-per-formare-e-certificare-i-mobility-manager-2\\\/\"},\"author\":{\"name\":\"Alessandro Bagnoli\",\"@id\":\"https:\\\/\\\/crit-research.it\\\/it\\\/#\\\/schema\\\/person\\\/97bcf02bcf9532934117d85e3c91b684\"},\"headline\":\"Formazione e certificazione per Mobility Manager\",\"datePublished\":\"2024-03-28T12:35:21+00:00\",\"dateModified\":\"2024-05-28T13:02:23+00:00\",\"mainEntityOfPage\":{\"@id\":\"https:\\\/\\\/crit-research.it\\\/it\\\/notizie\\\/icim-e-sicer-insieme-per-formare-e-certificare-i-mobility-manager-2\\\/\"},\"wordCount\":299,\"publisher\":{\"@id\":\"https:\\\/\\\/crit-research.it\\\/it\\\/#organization\"},\"image\":{\"@id\":\"https:\\\/\\\/crit-research.it\\\/it\\\/notizie\\\/icim-e-sicer-insieme-per-formare-e-certificare-i-mobility-manager-2\\\/#primaryimage\"},\"thumbnailUrl\":\"https:\\\/\\\/crit-research.it\\\/wp-content\\\/uploads\\\/2024\\\/03\\\/4-scaled.jpg\",\"articleSection\":[\"Notizie\"],\"inLanguage\":\"it-IT\"},{\"@type\":\"WebPage\",\"@id\":\"https:\\\/\\\/crit-research.it\\\/it\\\/notizie\\\/icim-e-sicer-insieme-per-formare-e-certificare-i-mobility-manager-2\\\/\",\"url\":\"https:\\\/\\\/crit-research.it\\\/it\\\/notizie\\\/icim-e-sicer-insieme-per-formare-e-certificare-i-mobility-manager-2\\\/\",\"name\":\"Formazione e certificazione per Mobility Manager &#8211; CRIT\",\"isPartOf\":{\"@id\":\"https:\\\/\\\/crit-research.it\\\/it\\\/#website\"},\"primaryImageOfPage\":{\"@id\":\"https:\\\/\\\/crit-research.it\\\/it\\\/notizie\\\/icim-e-sicer-insieme-per-formare-e-certificare-i-mobility-manager-2\\\/#primaryimage\"},\"image\":{\"@id\":\"https:\\\/\\\/crit-research.it\\\/it\\\/notizie\\\/icim-e-sicer-insieme-per-formare-e-certificare-i-mobility-manager-2\\\/#primaryimage\"},\"thumbnailUrl\":\"https:\\\/\\\/crit-research.it\\\/wp-content\\\/uploads\\\/2024\\\/03\\\/4-scaled.jpg\",\"datePublished\":\"2024-03-28T12:35:21+00:00\",\"dateModified\":\"2024-05-28T13:02:23+00:00\",\"breadcrumb\":{\"@id\":\"https:\\\/\\\/crit-research.it\\\/it\\\/notizie\\\/icim-e-sicer-insieme-per-formare-e-certificare-i-mobility-manager-2\\\/#breadcrumb\"},\"inLanguage\":\"it-IT\",\"potentialAction\":[{\"@type\":\"ReadAction\",\"target\":[\"https:\\\/\\\/crit-research.it\\\/it\\\/notizie\\\/icim-e-sicer-insieme-per-formare-e-certificare-i-mobility-manager-2\\\/\"]}]},{\"@type\":\"ImageObject\",\"inLanguage\":\"it-IT\",\"@id\":\"https:\\\/\\\/crit-research.it\\\/it\\\/notizie\\\/icim-e-sicer-insieme-per-formare-e-certificare-i-mobility-manager-2\\\/#primaryimage\",\"url\":\"https:\\\/\\\/crit-research.it\\\/wp-content\\\/uploads\\\/2024\\\/03\\\/4-scaled.jpg\",\"contentUrl\":\"https:\\\/\\\/crit-research.it\\\/wp-content\\\/uploads\\\/2024\\\/03\\\/4-scaled.jpg\",\"width\":2560,\"height\":1477},{\"@type\":\"BreadcrumbList\",\"@id\":\"https:\\\/\\\/crit-research.it\\\/it\\\/notizie\\\/icim-e-sicer-insieme-per-formare-e-certificare-i-mobility-manager-2\\\/#breadcrumb\",\"itemListElement\":[{\"@type\":\"ListItem\",\"position\":1,\"name\":\"Notizie\",\"item\":\"https:\\\/\\\/crit-research.it\\\/it\\\/notizie\\\/\"},{\"@type\":\"ListItem\",\"position\":2,\"name\":\"Formazione e certificazione per Mobility Manager\"}]},{\"@type\":\"WebSite\",\"@id\":\"https:\\\/\\\/crit-research.it\\\/it\\\/#website\",\"url\":\"https:\\\/\\\/crit-research.it\\\/it\\\/\",\"name\":\"CRIT\",\"description\":\"Scouting Your Next Technology\",\"publisher\":{\"@id\":\"https:\\\/\\\/crit-research.it\\\/it\\\/#organization\"},\"potentialAction\":[{\"@type\":\"SearchAction\",\"target\":{\"@type\":\"EntryPoint\",\"urlTemplate\":\"https:\\\/\\\/crit-research.it\\\/it\\\/?s={search_term_string}\"},\"query-input\":{\"@type\":\"PropertyValueSpecification\",\"valueRequired\":true,\"valueName\":\"search_term_string\"}}],\"inLanguage\":\"it-IT\"},{\"@type\":\"Organization\",\"@id\":\"https:\\\/\\\/crit-research.it\\\/it\\\/#organization\",\"name\":\"CRIT srl\",\"url\":\"https:\\\/\\\/crit-research.it\\\/it\\\/\",\"logo\":{\"@type\":\"ImageObject\",\"inLanguage\":\"it-IT\",\"@id\":\"https:\\\/\\\/crit-research.it\\\/it\\\/#\\\/schema\\\/logo\\\/image\\\/\",\"url\":\"https:\\\/\\\/dev.crit-research.it\\\/wp-content\\\/uploads\\\/2019\\\/10\\\/crit-horiz-tags-blu.png\",\"contentUrl\":\"https:\\\/\\\/dev.crit-research.it\\\/wp-content\\\/uploads\\\/2019\\\/10\\\/crit-horiz-tags-blu.png\",\"width\":2163,\"height\":1557,\"caption\":\"CRIT srl\"},\"image\":{\"@id\":\"https:\\\/\\\/crit-research.it\\\/it\\\/#\\\/schema\\\/logo\\\/image\\\/\"},\"sameAs\":[\"https:\\\/\\\/www.facebook.com\\\/CritResearch\",\"https:\\\/\\\/x.com\\\/CRIT_Research\",\"https:\\\/\\\/www.linkedin.com\\\/company\\\/crit-s-r-l\",\"https:\\\/\\\/www.youtube.com\\\/user\\\/CRITsrl\"]},{\"@type\":\"Person\",\"@id\":\"https:\\\/\\\/crit-research.it\\\/it\\\/#\\\/schema\\\/person\\\/97bcf02bcf9532934117d85e3c91b684\",\"name\":\"Alessandro Bagnoli\"}]}<\/script>\n<!-- \/ Yoast SEO plugin. -->","yoast_head_json":{"title":"Formazione e certificazione per Mobility Manager &#8211; CRIT","robots":{"index":"index","follow":"follow","max-snippet":"max-snippet:-1","max-image-preview":"max-image-preview:large","max-video-preview":"max-video-preview:-1"},"canonical":"https:\/\/crit-research.it\/it\/notizie\/icim-e-sicer-insieme-per-formare-e-certificare-i-mobility-manager-2\/","og_locale":"it_IT","og_type":"article","og_title":"Formazione e certificazione per Mobility Manager &#8211; CRIT","og_description":"ICIM Spa (ente di certificazione di terza parte) e SICER Srl (societ\u00e0 di formazione e consulenza) hanno stipulato un accordo di partnership in base al quale\u00a0 certificare la figura professionale di Mobility Manager secondo la UNI\/PdR 35:2018, attraverso un percorso di formazione erogato da SICER Srl che si concluder\u00e0 con l\u2019esame di certificazione tenuto da [&hellip;]","og_url":"https:\/\/crit-research.it\/it\/notizie\/icim-e-sicer-insieme-per-formare-e-certificare-i-mobility-manager-2\/","og_site_name":"CRIT","article_publisher":"https:\/\/www.facebook.com\/CritResearch","article_published_time":"2024-03-28T12:35:21+00:00","article_modified_time":"2024-05-28T13:02:23+00:00","og_image":[{"width":2560,"height":1477,"url":"https:\/\/crit-research.it\/wp-content\/uploads\/2024\/03\/4-scaled.jpg","type":"image\/jpeg"}],"author":"Alessandro Bagnoli","twitter_card":"summary_large_image","twitter_creator":"@CRIT_Research","twitter_site":"@CRIT_Research","twitter_misc":{"Scritto da":"Alessandro Bagnoli","Tempo di lettura stimato":"2 minuti"},"schema":{"@context":"https:\/\/schema.org","@graph":[{"@type":"Article","@id":"https:\/\/crit-research.it\/it\/notizie\/icim-e-sicer-insieme-per-formare-e-certificare-i-mobility-manager-2\/#article","isPartOf":{"@id":"https:\/\/crit-research.it\/it\/notizie\/icim-e-sicer-insieme-per-formare-e-certificare-i-mobility-manager-2\/"},"author":{"name":"Alessandro Bagnoli","@id":"https:\/\/crit-research.it\/it\/#\/schema\/person\/97bcf02bcf9532934117d85e3c91b684"},"headline":"Formazione e certificazione per Mobility Manager","datePublished":"2024-03-28T12:35:21+00:00","dateModified":"2024-05-28T13:02:23+00:00","mainEntityOfPage":{"@id":"https:\/\/crit-research.it\/it\/notizie\/icim-e-sicer-insieme-per-formare-e-certificare-i-mobility-manager-2\/"},"wordCount":299,"publisher":{"@id":"https:\/\/crit-research.it\/it\/#organization"},"image":{"@id":"https:\/\/crit-research.it\/it\/notizie\/icim-e-sicer-insieme-per-formare-e-certificare-i-mobility-manager-2\/#primaryimage"},"thumbnailUrl":"https:\/\/crit-research.it\/wp-content\/uploads\/2024\/03\/4-scaled.jpg","articleSection":["Notizie"],"inLanguage":"it-IT"},{"@type":"WebPage","@id":"https:\/\/crit-research.it\/it\/notizie\/icim-e-sicer-insieme-per-formare-e-certificare-i-mobility-manager-2\/","url":"https:\/\/crit-research.it\/it\/notizie\/icim-e-sicer-insieme-per-formare-e-certificare-i-mobility-manager-2\/","name":"Formazione e certificazione per Mobility Manager &#8211; CRIT","isPartOf":{"@id":"https:\/\/crit-research.it\/it\/#website"},"primaryImageOfPage":{"@id":"https:\/\/crit-research.it\/it\/notizie\/icim-e-sicer-insieme-per-formare-e-certificare-i-mobility-manager-2\/#primaryimage"},"image":{"@id":"https:\/\/crit-research.it\/it\/notizie\/icim-e-sicer-insieme-per-formare-e-certificare-i-mobility-manager-2\/#primaryimage"},"thumbnailUrl":"https:\/\/crit-research.it\/wp-content\/uploads\/2024\/03\/4-scaled.jpg","datePublished":"2024-03-28T12:35:21+00:00","dateModified":"2024-05-28T13:02:23+00:00","breadcrumb":{"@id":"https:\/\/crit-research.it\/it\/notizie\/icim-e-sicer-insieme-per-formare-e-certificare-i-mobility-manager-2\/#breadcrumb"},"inLanguage":"it-IT","potentialAction":[{"@type":"ReadAction","target":["https:\/\/crit-research.it\/it\/notizie\/icim-e-sicer-insieme-per-formare-e-certificare-i-mobility-manager-2\/"]}]},{"@type":"ImageObject","inLanguage":"it-IT","@id":"https:\/\/crit-research.it\/it\/notizie\/icim-e-sicer-insieme-per-formare-e-certificare-i-mobility-manager-2\/#primaryimage","url":"https:\/\/crit-research.it\/wp-content\/uploads\/2024\/03\/4-scaled.jpg","contentUrl":"https:\/\/crit-research.it\/wp-content\/uploads\/2024\/03\/4-scaled.jpg","width":2560,"height":1477},{"@type":"BreadcrumbList","@id":"https:\/\/crit-research.it\/it\/notizie\/icim-e-sicer-insieme-per-formare-e-certificare-i-mobility-manager-2\/#breadcrumb","itemListElement":[{"@type":"ListItem","position":1,"name":"Notizie","item":"https:\/\/crit-research.it\/it\/notizie\/"},{"@type":"ListItem","position":2,"name":"Formazione e certificazione per Mobility Manager"}]},{"@type":"WebSite","@id":"https:\/\/crit-research.it\/it\/#website","url":"https:\/\/crit-research.it\/it\/","name":"CRIT","description":"Scouting Your Next Technology","publisher":{"@id":"https:\/\/crit-research.it\/it\/#organization"},"potentialAction":[{"@type":"SearchAction","target":{"@type":"EntryPoint","urlTemplate":"https:\/\/crit-research.it\/it\/?s={search_term_string}"},"query-input":{"@type":"PropertyValueSpecification","valueRequired":true,"valueName":"search_term_string"}}],"inLanguage":"it-IT"},{"@type":"Organization","@id":"https:\/\/crit-research.it\/it\/#organization","name":"CRIT srl","url":"https:\/\/crit-research.it\/it\/","logo":{"@type":"ImageObject","inLanguage":"it-IT","@id":"https:\/\/crit-research.it\/it\/#\/schema\/logo\/image\/","url":"https:\/\/dev.crit-research.it\/wp-content\/uploads\/2019\/10\/crit-horiz-tags-blu.png","contentUrl":"https:\/\/dev.crit-research.it\/wp-content\/uploads\/2019\/10\/crit-horiz-tags-blu.png","width":2163,"height":1557,"caption":"CRIT srl"},"image":{"@id":"https:\/\/crit-research.it\/it\/#\/schema\/logo\/image\/"},"sameAs":["https:\/\/www.facebook.com\/CritResearch","https:\/\/x.com\/CRIT_Research","https:\/\/www.linkedin.com\/company\/crit-s-r-l","https:\/\/www.youtube.com\/user\/CRITsrl"]},{"@type":"Person","@id":"https:\/\/crit-research.it\/it\/#\/schema\/person\/97bcf02bcf9532934117d85e3c91b684","name":"Alessandro Bagnoli"}]}},"_links":{"self":[{"href":"https:\/\/crit-research.it\/it\/wp-json\/wp\/v2\/posts\/24167","targetHints":{"allow":["GET"]}}],"collection":[{"href":"https:\/\/crit-research.it\/it\/wp-json\/wp\/v2\/posts"}],"about":[{"href":"https:\/\/crit-research.it\/it\/wp-json\/wp\/v2\/types\/post"}],"author":[{"embeddable":true,"href":"https:\/\/crit-research.it\/it\/wp-json\/wp\/v2\/users\/50"}],"replies":[{"embeddable":true,"href":"https:\/\/crit-research.it\/it\/wp-json\/wp\/v2\/comments?post=24167"}],"version-history":[{"count":1,"href":"https:\/\/crit-research.it\/it\/wp-json\/wp\/v2\/posts\/24167\/revisions"}],"predecessor-version":[{"id":24499,"href":"https:\/\/crit-research.it\/it\/wp-json\/wp\/v2\/posts\/24167\/revisions\/24499"}],"wp:featuredmedia":[{"embeddable":true,"href":"https:\/\/crit-research.it\/it\/wp-json\/wp\/v2\/media\/24495"}],"wp:attachment":[{"href":"https:\/\/crit-research.it\/it\/wp-json\/wp\/v2\/media?parent=24167"}],"wp:term":[{"taxonomy":"category","embeddable":true,"href":"https:\/\/crit-research.it\/it\/wp-json\/wp\/v2\/categories?post=24167"},{"taxonomy":"post_tag","embeddable":true,"href":"https:\/\/crit-research.it\/it\/wp-json\/wp\/v2\/tags?post=24167"}],"curies":[{"name":"wp","href":"https:\/\/api.w.org\/{rel}","templated":true}]}}