{"id":23824,"date":"2023-10-02T14:42:25","date_gmt":"2023-10-02T14:42:25","guid":{"rendered":"https:\/\/dev.crit-research.it\/notizie\/https-www-crit-research-it-it-notizie-expo-day-mva-2023\/"},"modified":"2024-06-05T07:28:53","modified_gmt":"2024-06-05T07:28:53","slug":"notizie-expo-day-mva-2023","status":"publish","type":"post","link":"https:\/\/crit-research.it\/it\/notizie\/notizie-expo-day-mva-2023\/","title":{"rendered":"Expo Day MVA 2023"},"content":{"rendered":"<p>Il <strong>19 Ottobre<\/strong> <strong>2023<\/strong> si terr\u00e0 l\u2019<strong>Expo Day 2023 del Motor Valley Accelerator<\/strong>, appuntamento annuale che presenta ufficialmente le <strong>start up<\/strong> che hanno partecipano al <strong>programma di accelerazione<\/strong> lanciato nel 2020 di cui <strong>CRIT \u00e8 gestore tecnico<\/strong>, giunto alla sua terza edizione.<\/p>\n<p>Nel corso della giornata sar\u00e0 possibile conoscere in dettaglio le <strong>attivit\u00e0 e le proposte innovative di tutte le start up del programma<\/strong>, incluse le demo ed i progetti pilota gi\u00e0 attivi.<\/p>\n<p>L&#8217;incontro sar\u00e0 inoltre un momento di <strong>riflessione e confronto sul settore automotive<\/strong> e sul futuro della mobilit\u00e0, che coinvolger\u00e0 diversi <strong>Guest Speaker, esperti di settore<\/strong>\u00a0ed i <strong>Partner<\/strong> del programma Motor Valley Accelerator.<\/p>\n<p><strong>PROGRAMMA DELLA GIORNATA<\/strong><\/p>\n<ul>\n<li>14:30 Accoglienza e registrazione<\/li>\n<li>15:00 Benvenuto<\/li>\n<li>15:10 Keynote Speech &#8211; Rita Cucchiara &#8220;<em>Revving Up AI: Accelerating Automotive Innovation<\/em>&#8220;<\/li>\n<li>15:25 Startup Pitches (Luchs Security, Bettery, ACUS)<\/li>\n<li>15:40 Pilot Talk &#8211; Dallara &amp; ACUS &amp; Novac \u201c<em>Greening the Track: Advancing Motorsports with Sustainable Innovations<\/em>\u201d<\/li>\n<li>15:55 Keynote Speech &#8211; Andrea Pontremoli &#8220;<em>Innovation through the Eyes of Dallara<\/em>&#8220;<\/li>\n<li>16:10 Startup Pitches (AS.CAR.I, Emsense)<\/li>\n<li>16:20 Pilot Talk &#8211; Marelli &amp; Inventio.ai \u201c<em>Unlocking the Potential of AI in Manufacturing: An Operator-Friendly Solution<\/em>\u201d<\/li>\n<li>16:30 Quiz e Coffee Break<\/li>\n<li>16:55 Panel \u201c<em>Fueling the Future: CVC and VC Perspectives in Automotive<\/em>\u201d<\/li>\n<li>17:15 Keynote Speech &#8211; STMicroelectronics &amp; Zendar &#8220;<em>The Future of Radar in Automotive: Navigating Towards ADAS<\/em>&#8220;<\/li>\n<li>17:30 Startup Pitches (EYE2DRIVE, Open Energy)<\/li>\n<li>17:40 Pilot Talk &#8211; Sabelt &amp; Ohoskin &#8220;<em>Stepping into Sustainable Speed: Innovative Racing Footwear<\/em>&#8220;<\/li>\n<li>17:50 Saluti finali &#8211; Eugenio Razelli<\/li>\n<li>18:00 Aperitivo di Networking<\/li>\n<\/ul>\n<p><a href=\"mailto:baracchi.m@crit-research.it\">Per richiedere di partecipare all&#8217;incontro o per maggiori informazioni<\/a><\/p>\n","protected":false},"excerpt":{"rendered":"<p>Il 19 Ottobre 2023 si terr\u00e0 l\u2019Expo Day 2023 del Motor Valley Accelerator, appuntamento annuale che presenta ufficialmente le start up che hanno partecipano al programma di accelerazione lanciato nel 2020 di cui CRIT \u00e8 gestore tecnico, giunto alla sua terza edizione. Nel corso della giornata sar\u00e0 possibile conoscere in dettaglio le attivit\u00e0 e le [&hellip;]<\/p>\n","protected":false},"author":50,"featured_media":24556,"comment_status":"closed","ping_status":"closed","sticky":false,"template":"","format":"standard","meta":{"_acf_changed":false,"inline_featured_image":false,"footnotes":""},"categories":[832],"tags":[],"class_list":["post-23824","post","type-post","status-publish","format-standard","has-post-thumbnail","hentry","category-notizie"],"acf":[],"yoast_head":"<!-- This site is optimized with the Yoast SEO plugin v27.5 - https:\/\/yoast.com\/product\/yoast-seo-wordpress\/ -->\n<title>Expo Day MVA 2023 &#8211; CRIT<\/title>\n<meta name=\"robots\" content=\"index, follow, max-snippet:-1, max-image-preview:large, max-video-preview:-1\" \/>\n<link rel=\"canonical\" href=\"https:\/\/crit-research.it\/it\/notizie\/notizie-expo-day-mva-2023\/\" \/>\n<meta property=\"og:locale\" content=\"it_IT\" \/>\n<meta property=\"og:type\" content=\"article\" \/>\n<meta property=\"og:title\" content=\"Expo Day MVA 2023 &#8211; CRIT\" \/>\n<meta property=\"og:description\" content=\"Il 19 Ottobre 2023 si terr\u00e0 l\u2019Expo Day 2023 del Motor Valley Accelerator, appuntamento annuale che presenta ufficialmente le start up che hanno partecipano al programma di accelerazione lanciato nel 2020 di cui CRIT \u00e8 gestore tecnico, giunto alla sua terza edizione. Nel corso della giornata sar\u00e0 possibile conoscere in dettaglio le attivit\u00e0 e le [&hellip;]\" \/>\n<meta property=\"og:url\" content=\"https:\/\/crit-research.it\/it\/notizie\/notizie-expo-day-mva-2023\/\" \/>\n<meta property=\"og:site_name\" content=\"CRIT\" \/>\n<meta property=\"article:publisher\" content=\"https:\/\/www.facebook.com\/CritResearch\" \/>\n<meta property=\"article:published_time\" content=\"2023-10-02T14:42:25+00:00\" \/>\n<meta property=\"article:modified_time\" content=\"2024-06-05T07:28:53+00:00\" \/>\n<meta property=\"og:image\" content=\"https:\/\/crit-research.it\/wp-content\/uploads\/2023\/10\/PnPE.jpg\" \/>\n\t<meta property=\"og:image:width\" content=\"1280\" \/>\n\t<meta property=\"og:image:height\" content=\"720\" \/>\n\t<meta property=\"og:image:type\" content=\"image\/jpeg\" \/>\n<meta name=\"author\" content=\"Alessandro Bagnoli\" \/>\n<meta name=\"twitter:card\" content=\"summary_large_image\" \/>\n<meta name=\"twitter:creator\" content=\"@CRIT_Research\" \/>\n<meta name=\"twitter:site\" content=\"@CRIT_Research\" \/>\n<meta name=\"twitter:label1\" content=\"Scritto da\" \/>\n\t<meta name=\"twitter:data1\" content=\"Alessandro Bagnoli\" \/>\n\t<meta name=\"twitter:label2\" content=\"Tempo di lettura stimato\" \/>\n\t<meta name=\"twitter:data2\" content=\"2 minuti\" \/>\n<script type=\"application\/ld+json\" class=\"yoast-schema-graph\">{\"@context\":\"https:\\\/\\\/schema.org\",\"@graph\":[{\"@type\":\"Article\",\"@id\":\"https:\\\/\\\/crit-research.it\\\/it\\\/notizie\\\/notizie-expo-day-mva-2023\\\/#article\",\"isPartOf\":{\"@id\":\"https:\\\/\\\/crit-research.it\\\/it\\\/notizie\\\/notizie-expo-day-mva-2023\\\/\"},\"author\":{\"name\":\"Alessandro Bagnoli\",\"@id\":\"https:\\\/\\\/crit-research.it\\\/it\\\/#\\\/schema\\\/person\\\/97bcf02bcf9532934117d85e3c91b684\"},\"headline\":\"Expo Day MVA 2023\",\"datePublished\":\"2023-10-02T14:42:25+00:00\",\"dateModified\":\"2024-06-05T07:28:53+00:00\",\"mainEntityOfPage\":{\"@id\":\"https:\\\/\\\/crit-research.it\\\/it\\\/notizie\\\/notizie-expo-day-mva-2023\\\/\"},\"wordCount\":246,\"publisher\":{\"@id\":\"https:\\\/\\\/crit-research.it\\\/it\\\/#organization\"},\"image\":{\"@id\":\"https:\\\/\\\/crit-research.it\\\/it\\\/notizie\\\/notizie-expo-day-mva-2023\\\/#primaryimage\"},\"thumbnailUrl\":\"https:\\\/\\\/crit-research.it\\\/wp-content\\\/uploads\\\/2023\\\/10\\\/PnPE.jpg\",\"articleSection\":[\"Notizie\"],\"inLanguage\":\"it-IT\"},{\"@type\":\"WebPage\",\"@id\":\"https:\\\/\\\/crit-research.it\\\/it\\\/notizie\\\/notizie-expo-day-mva-2023\\\/\",\"url\":\"https:\\\/\\\/crit-research.it\\\/it\\\/notizie\\\/notizie-expo-day-mva-2023\\\/\",\"name\":\"Expo Day MVA 2023 &#8211; CRIT\",\"isPartOf\":{\"@id\":\"https:\\\/\\\/crit-research.it\\\/it\\\/#website\"},\"primaryImageOfPage\":{\"@id\":\"https:\\\/\\\/crit-research.it\\\/it\\\/notizie\\\/notizie-expo-day-mva-2023\\\/#primaryimage\"},\"image\":{\"@id\":\"https:\\\/\\\/crit-research.it\\\/it\\\/notizie\\\/notizie-expo-day-mva-2023\\\/#primaryimage\"},\"thumbnailUrl\":\"https:\\\/\\\/crit-research.it\\\/wp-content\\\/uploads\\\/2023\\\/10\\\/PnPE.jpg\",\"datePublished\":\"2023-10-02T14:42:25+00:00\",\"dateModified\":\"2024-06-05T07:28:53+00:00\",\"breadcrumb\":{\"@id\":\"https:\\\/\\\/crit-research.it\\\/it\\\/notizie\\\/notizie-expo-day-mva-2023\\\/#breadcrumb\"},\"inLanguage\":\"it-IT\",\"potentialAction\":[{\"@type\":\"ReadAction\",\"target\":[\"https:\\\/\\\/crit-research.it\\\/it\\\/notizie\\\/notizie-expo-day-mva-2023\\\/\"]}]},{\"@type\":\"ImageObject\",\"inLanguage\":\"it-IT\",\"@id\":\"https:\\\/\\\/crit-research.it\\\/it\\\/notizie\\\/notizie-expo-day-mva-2023\\\/#primaryimage\",\"url\":\"https:\\\/\\\/crit-research.it\\\/wp-content\\\/uploads\\\/2023\\\/10\\\/PnPE.jpg\",\"contentUrl\":\"https:\\\/\\\/crit-research.it\\\/wp-content\\\/uploads\\\/2023\\\/10\\\/PnPE.jpg\",\"width\":1280,\"height\":720},{\"@type\":\"BreadcrumbList\",\"@id\":\"https:\\\/\\\/crit-research.it\\\/it\\\/notizie\\\/notizie-expo-day-mva-2023\\\/#breadcrumb\",\"itemListElement\":[{\"@type\":\"ListItem\",\"position\":1,\"name\":\"Notizie\",\"item\":\"https:\\\/\\\/crit-research.it\\\/it\\\/notizie\\\/\"},{\"@type\":\"ListItem\",\"position\":2,\"name\":\"Expo Day MVA 2023\"}]},{\"@type\":\"WebSite\",\"@id\":\"https:\\\/\\\/crit-research.it\\\/it\\\/#website\",\"url\":\"https:\\\/\\\/crit-research.it\\\/it\\\/\",\"name\":\"CRIT\",\"description\":\"Scouting Your Next Technology\",\"publisher\":{\"@id\":\"https:\\\/\\\/crit-research.it\\\/it\\\/#organization\"},\"potentialAction\":[{\"@type\":\"SearchAction\",\"target\":{\"@type\":\"EntryPoint\",\"urlTemplate\":\"https:\\\/\\\/crit-research.it\\\/it\\\/?s={search_term_string}\"},\"query-input\":{\"@type\":\"PropertyValueSpecification\",\"valueRequired\":true,\"valueName\":\"search_term_string\"}}],\"inLanguage\":\"it-IT\"},{\"@type\":\"Organization\",\"@id\":\"https:\\\/\\\/crit-research.it\\\/it\\\/#organization\",\"name\":\"CRIT srl\",\"url\":\"https:\\\/\\\/crit-research.it\\\/it\\\/\",\"logo\":{\"@type\":\"ImageObject\",\"inLanguage\":\"it-IT\",\"@id\":\"https:\\\/\\\/crit-research.it\\\/it\\\/#\\\/schema\\\/logo\\\/image\\\/\",\"url\":\"https:\\\/\\\/dev.crit-research.it\\\/wp-content\\\/uploads\\\/2019\\\/10\\\/crit-horiz-tags-blu.png\",\"contentUrl\":\"https:\\\/\\\/dev.crit-research.it\\\/wp-content\\\/uploads\\\/2019\\\/10\\\/crit-horiz-tags-blu.png\",\"width\":2163,\"height\":1557,\"caption\":\"CRIT srl\"},\"image\":{\"@id\":\"https:\\\/\\\/crit-research.it\\\/it\\\/#\\\/schema\\\/logo\\\/image\\\/\"},\"sameAs\":[\"https:\\\/\\\/www.facebook.com\\\/CritResearch\",\"https:\\\/\\\/x.com\\\/CRIT_Research\",\"https:\\\/\\\/www.linkedin.com\\\/company\\\/crit-s-r-l\",\"https:\\\/\\\/www.youtube.com\\\/user\\\/CRITsrl\"]},{\"@type\":\"Person\",\"@id\":\"https:\\\/\\\/crit-research.it\\\/it\\\/#\\\/schema\\\/person\\\/97bcf02bcf9532934117d85e3c91b684\",\"name\":\"Alessandro Bagnoli\"}]}<\/script>\n<!-- \/ Yoast SEO plugin. -->","yoast_head_json":{"title":"Expo Day MVA 2023 &#8211; CRIT","robots":{"index":"index","follow":"follow","max-snippet":"max-snippet:-1","max-image-preview":"max-image-preview:large","max-video-preview":"max-video-preview:-1"},"canonical":"https:\/\/crit-research.it\/it\/notizie\/notizie-expo-day-mva-2023\/","og_locale":"it_IT","og_type":"article","og_title":"Expo Day MVA 2023 &#8211; CRIT","og_description":"Il 19 Ottobre 2023 si terr\u00e0 l\u2019Expo Day 2023 del Motor Valley Accelerator, appuntamento annuale che presenta ufficialmente le start up che hanno partecipano al programma di accelerazione lanciato nel 2020 di cui CRIT \u00e8 gestore tecnico, giunto alla sua terza edizione. Nel corso della giornata sar\u00e0 possibile conoscere in dettaglio le attivit\u00e0 e le [&hellip;]","og_url":"https:\/\/crit-research.it\/it\/notizie\/notizie-expo-day-mva-2023\/","og_site_name":"CRIT","article_publisher":"https:\/\/www.facebook.com\/CritResearch","article_published_time":"2023-10-02T14:42:25+00:00","article_modified_time":"2024-06-05T07:28:53+00:00","og_image":[{"width":1280,"height":720,"url":"https:\/\/crit-research.it\/wp-content\/uploads\/2023\/10\/PnPE.jpg","type":"image\/jpeg"}],"author":"Alessandro Bagnoli","twitter_card":"summary_large_image","twitter_creator":"@CRIT_Research","twitter_site":"@CRIT_Research","twitter_misc":{"Scritto da":"Alessandro Bagnoli","Tempo di lettura stimato":"2 minuti"},"schema":{"@context":"https:\/\/schema.org","@graph":[{"@type":"Article","@id":"https:\/\/crit-research.it\/it\/notizie\/notizie-expo-day-mva-2023\/#article","isPartOf":{"@id":"https:\/\/crit-research.it\/it\/notizie\/notizie-expo-day-mva-2023\/"},"author":{"name":"Alessandro Bagnoli","@id":"https:\/\/crit-research.it\/it\/#\/schema\/person\/97bcf02bcf9532934117d85e3c91b684"},"headline":"Expo Day MVA 2023","datePublished":"2023-10-02T14:42:25+00:00","dateModified":"2024-06-05T07:28:53+00:00","mainEntityOfPage":{"@id":"https:\/\/crit-research.it\/it\/notizie\/notizie-expo-day-mva-2023\/"},"wordCount":246,"publisher":{"@id":"https:\/\/crit-research.it\/it\/#organization"},"image":{"@id":"https:\/\/crit-research.it\/it\/notizie\/notizie-expo-day-mva-2023\/#primaryimage"},"thumbnailUrl":"https:\/\/crit-research.it\/wp-content\/uploads\/2023\/10\/PnPE.jpg","articleSection":["Notizie"],"inLanguage":"it-IT"},{"@type":"WebPage","@id":"https:\/\/crit-research.it\/it\/notizie\/notizie-expo-day-mva-2023\/","url":"https:\/\/crit-research.it\/it\/notizie\/notizie-expo-day-mva-2023\/","name":"Expo Day MVA 2023 &#8211; CRIT","isPartOf":{"@id":"https:\/\/crit-research.it\/it\/#website"},"primaryImageOfPage":{"@id":"https:\/\/crit-research.it\/it\/notizie\/notizie-expo-day-mva-2023\/#primaryimage"},"image":{"@id":"https:\/\/crit-research.it\/it\/notizie\/notizie-expo-day-mva-2023\/#primaryimage"},"thumbnailUrl":"https:\/\/crit-research.it\/wp-content\/uploads\/2023\/10\/PnPE.jpg","datePublished":"2023-10-02T14:42:25+00:00","dateModified":"2024-06-05T07:28:53+00:00","breadcrumb":{"@id":"https:\/\/crit-research.it\/it\/notizie\/notizie-expo-day-mva-2023\/#breadcrumb"},"inLanguage":"it-IT","potentialAction":[{"@type":"ReadAction","target":["https:\/\/crit-research.it\/it\/notizie\/notizie-expo-day-mva-2023\/"]}]},{"@type":"ImageObject","inLanguage":"it-IT","@id":"https:\/\/crit-research.it\/it\/notizie\/notizie-expo-day-mva-2023\/#primaryimage","url":"https:\/\/crit-research.it\/wp-content\/uploads\/2023\/10\/PnPE.jpg","contentUrl":"https:\/\/crit-research.it\/wp-content\/uploads\/2023\/10\/PnPE.jpg","width":1280,"height":720},{"@type":"BreadcrumbList","@id":"https:\/\/crit-research.it\/it\/notizie\/notizie-expo-day-mva-2023\/#breadcrumb","itemListElement":[{"@type":"ListItem","position":1,"name":"Notizie","item":"https:\/\/crit-research.it\/it\/notizie\/"},{"@type":"ListItem","position":2,"name":"Expo Day MVA 2023"}]},{"@type":"WebSite","@id":"https:\/\/crit-research.it\/it\/#website","url":"https:\/\/crit-research.it\/it\/","name":"CRIT","description":"Scouting Your Next Technology","publisher":{"@id":"https:\/\/crit-research.it\/it\/#organization"},"potentialAction":[{"@type":"SearchAction","target":{"@type":"EntryPoint","urlTemplate":"https:\/\/crit-research.it\/it\/?s={search_term_string}"},"query-input":{"@type":"PropertyValueSpecification","valueRequired":true,"valueName":"search_term_string"}}],"inLanguage":"it-IT"},{"@type":"Organization","@id":"https:\/\/crit-research.it\/it\/#organization","name":"CRIT srl","url":"https:\/\/crit-research.it\/it\/","logo":{"@type":"ImageObject","inLanguage":"it-IT","@id":"https:\/\/crit-research.it\/it\/#\/schema\/logo\/image\/","url":"https:\/\/dev.crit-research.it\/wp-content\/uploads\/2019\/10\/crit-horiz-tags-blu.png","contentUrl":"https:\/\/dev.crit-research.it\/wp-content\/uploads\/2019\/10\/crit-horiz-tags-blu.png","width":2163,"height":1557,"caption":"CRIT srl"},"image":{"@id":"https:\/\/crit-research.it\/it\/#\/schema\/logo\/image\/"},"sameAs":["https:\/\/www.facebook.com\/CritResearch","https:\/\/x.com\/CRIT_Research","https:\/\/www.linkedin.com\/company\/crit-s-r-l","https:\/\/www.youtube.com\/user\/CRITsrl"]},{"@type":"Person","@id":"https:\/\/crit-research.it\/it\/#\/schema\/person\/97bcf02bcf9532934117d85e3c91b684","name":"Alessandro Bagnoli"}]}},"_links":{"self":[{"href":"https:\/\/crit-research.it\/it\/wp-json\/wp\/v2\/posts\/23824","targetHints":{"allow":["GET"]}}],"collection":[{"href":"https:\/\/crit-research.it\/it\/wp-json\/wp\/v2\/posts"}],"about":[{"href":"https:\/\/crit-research.it\/it\/wp-json\/wp\/v2\/types\/post"}],"author":[{"embeddable":true,"href":"https:\/\/crit-research.it\/it\/wp-json\/wp\/v2\/users\/50"}],"replies":[{"embeddable":true,"href":"https:\/\/crit-research.it\/it\/wp-json\/wp\/v2\/comments?post=23824"}],"version-history":[{"count":1,"href":"https:\/\/crit-research.it\/it\/wp-json\/wp\/v2\/posts\/23824\/revisions"}],"predecessor-version":[{"id":23855,"href":"https:\/\/crit-research.it\/it\/wp-json\/wp\/v2\/posts\/23824\/revisions\/23855"}],"wp:featuredmedia":[{"embeddable":true,"href":"https:\/\/crit-research.it\/it\/wp-json\/wp\/v2\/media\/24556"}],"wp:attachment":[{"href":"https:\/\/crit-research.it\/it\/wp-json\/wp\/v2\/media?parent=23824"}],"wp:term":[{"taxonomy":"category","embeddable":true,"href":"https:\/\/crit-research.it\/it\/wp-json\/wp\/v2\/categories?post=23824"},{"taxonomy":"post_tag","embeddable":true,"href":"https:\/\/crit-research.it\/it\/wp-json\/wp\/v2\/tags?post=23824"}],"curies":[{"name":"wp","href":"https:\/\/api.w.org\/{rel}","templated":true}]}}