{"id":23808,"date":"2023-02-27T15:00:15","date_gmt":"2023-02-27T15:00:15","guid":{"rendered":"https:\/\/dev.crit-research.it\/notizie\/https-www-crit-research-it-it-notizie-gli-assessori-regionali-colla-e-calvano-in-visita-al-motor-valley-accelerator\/"},"modified":"2024-07-22T12:36:10","modified_gmt":"2024-07-22T12:36:10","slug":"gli-assessori-regionali-colla-e-calvano-in-visita-al-motor-valley-accelerator","status":"publish","type":"post","link":"https:\/\/crit-research.it\/it\/notizie\/gli-assessori-regionali-colla-e-calvano-in-visita-al-motor-valley-accelerator\/","title":{"rendered":"Gli assessori regionali Colla e Calvano in visita al Motor Valley Accelerator"},"content":{"rendered":"<p>Luned\u00ec 27 febbraio presso l\u2019headquarter di via Selmi 15 a Modena si \u00e8 tenuto un incontro di presentazione delle <strong>attivit\u00e0 del Motor Valley Accelerator<\/strong> alla presenza dell\u2019<strong>Assessore allo sviluppo economico e green economy, lavoro e formazione della Regione Emilia-Romagna Vincenzo Colla<\/strong> e dell\u2019<strong>Assessore regionale al Bilancio, Personale, Patrimonio, Riordino istituzionale e Rapporti con Ue Paolo Calvano<\/strong>. All\u2019incontro hanno partecipato <strong>Marco Baracchi di CRIT<\/strong>, il <strong>Presidente della Fondazione di Modena Paolo Cavicchioli<\/strong>, il <strong>Presidente di Motor Valley Accelerator Eugenio Razelli<\/strong>, il <strong>program manager Enrico Dente<\/strong>, l\u2019<strong>assessore alla cultura del Comune di Modena Andrea Bortolamasi<\/strong>.<\/p>\n<p>Parte della Rete Nazionale Acceleratori CDP, <strong>Motor Valley Accelerator \u00e8 il primo acceleratore verticale italiano legato al comparto mobility ed automotive<\/strong>, nato nel cuore della Motor Valley da un&#8217;iniziativa congiunta del network nazionale di CDP Venture Capital Sgr &#8211; Fondo Nazionale Innovazione, di UniCredit e della Fondazione di Modena per creare relazioni tra aziende e startup del settore mobilit\u00e0. Il programma, gestito da <strong>CRIT<\/strong> assieme a Plug and Play, \u00e8 stato avviato nel 2021 ed \u00e8 entrato nel suo terzo anno di attivit\u00e0.<\/p>\n<p>L\u2019incontro con gli assessori Colla e Calvano \u00e8 stata l\u2019occasione per presentare il <strong>risultato delle attivit\u00e0 dei primi due anni di accelerazione<\/strong> ed investimenti, anche dalla voce dei rappresentanti di alcune delle esperienze pi\u00f9 interessanti, fornendo una panoramica degli impatti del programma nel settore e sul tessuto economico, occupazionale e sociale nella Motor Valley. \u00c8 stato inoltre l\u2019occasione per toccare alcuni degli <strong>obiettivi per lo sviluppo dell\u2019iniziativa<\/strong>, che si appresta a finalizzare la selezione per le startup che saranno ammesse all\u2019edizione 2023.<\/p>\n<p>La realt\u00e0 di Motor Valley Accelerator, lo ricordiamo, <strong>ha emesso nei suoi primi due cicli in totale 2 milioni e 550 mila euro di investimenti<\/strong>, tra quelli di accelerazione e i successivi, anche detti \u2018follow on\u2019. Quanto alle <strong>startup<\/strong> <strong>accelerate<\/strong>, <strong>16<\/strong> sono <strong>quelle che hanno completato il programma, mentre il nuovo gruppo del 2023 verr\u00e0 presentato alle aziende partner in occasione del Motor Valley Fest di maggio<\/strong>.<\/p>\n<p><strong>Erano presenti per incontrare gli assessori Colla e Calvano i rappresentanti delle startup accelerate Novac, Galvani Power e Ohoskin. <\/strong>Nata a Modena nel 2020, tra le mura dell\u2019universit\u00e0 UniMore, <strong>Novac<\/strong> si occupa di sviluppare super condensatori, allo stato solido e modellabili, in grado di esaltare le prestazioni massime del powertrain elettrico e di regolare l\u2019assorbimento di corrente, in modo da prolungare la vita utile delle batterie. <strong>Galvani Power, <\/strong>anch\u2019essa nata a Modena e attiva nel campo di pacchi batteria modulari, si rivolge a tutte le aziende che cercano una soluzione elettrificata altamente performante, tecnologica e progettata per ridurre al minimo l\u2019impatto ambientale. Offre batterie per i settori automobilistico, navale, di costruzione, agricolo, dei trasporti, aerospaziale e industriale di potenza. Quanto a <strong>Ohoskin, <\/strong>azienda nata a Catania nel 2019, si inserisce in un contesto di economia circolare raccogliendo gli scarti dell\u2019industria delle arance siciliane per convertirli in un bio-polimero utilizzato nel processo di produzione di materiale sostitutivo della pelle, arrivando ad un prodotto del tutto sostenibile e utilizzabile dal mondo della moda (a tal proposito \u00e8 stata appena annunciata una importante collaborazione con il fashion brand danese Ganni) a quello dell\u2019interior automotive.<\/p>\n<p>Si tratta di alcuni esempi di una realt\u00e0 estremamente variegata: i campi d\u2019azione in cui si muovono le startup accelerate spaziano infatti da settori come i sensori per ADAS e la guida autonoma all\u2019accumulo di energia; si passa dallo studio di software per l\u2019efficientamento della produzione alla progettazione di materiali con caratteristiche innovative e sostenibili, fino alle tecnologie abilitanti per il prodotto autoveicolo, per citarne alcuni.<\/p>\n<p>L\u2019incontro \u00e8 avvenuto in un momento che, per il settore automotive, non potrebbe essere pi\u00f9 denso di sfide: appena un paio di settimane fa il Parlamento europeo ha approvato in via definitiva il provvedimento che vieta la vendita di veicoli con motori termici dal 2035. Un accordo, raggiunto con gli Stati membri, che include anche obiettivi intermedi di riduzione delle emissioni per il 2030 (55% per le auto e 50% per i furgoni), nonch\u00e9 una nuova metodologia per la valutazione delle emissioni di CO2 durante l&#8217;intero ciclo di vita di un veicolo.<\/p>\n<p><em>\u201cUno strumento fondamentale a supporto della crescita di imprese e filiere della Motor Valley dell\u2019Emilia-Romagna, ma anche un esempio avanzato sul fronte del modello finanziario che, per creare relazioni tra aziende, startup, incubatori e Universit\u00e0, vede una sinergia tra Cdp &#8211; Venture Capital Sgr, UniCredit e Fondazione di Modena. Questo acceleratore rappresenta<\/em> \u2013 spiegano gli <strong>assessori regionali Colla e Calvano<\/strong> \u2013 <em>un\u2019eccellenza straordinaria, la prima del genere in Italia. In questa iniziativa c\u2019\u00e8 la sintesi della scelta della Regione Emilia-Romagna di investire sul fronte della transizione nell\u2019automotive e nella mobilit\u00e0, partendo proprio dalla formazione di competenze innovative, dalla ricerca e dall\u2019innovazione come motore per la crescita del territorio. Una visione condivisa con enti locali, istituzioni formative e parti sociali rinnovata con la condivisione del Patto per il Lavoro e il Clima. \u00c8 cos\u00ec che internazionalizzazione, attrattivit\u00e0 di investimenti e talenti, infrastrutture tecnologiche e della conoscenza, oggi ci permettono, con un carico di progettualit\u00e0 e idee straordinari, di far crescere la nostra economia e l\u2019occupazione, e di farlo in modo sostenibile\u201d<\/em>.<\/p>\n<p>Il programma di accelerazione \u00e8 organizzato grazie alla collaborazione ed il supporto dei <strong>Corporate Partners<\/strong>: <strong>Marelli, STMicroelectronics, Dallara, HPE Group, OMR Automotive, Sabelt, UnipolSai Assicurazioni, CLN Group<\/strong>.<\/p>\n","protected":false},"excerpt":{"rendered":"<p>Luned\u00ec 27 febbraio presso l\u2019headquarter di via Selmi 15 a Modena si \u00e8 tenuto un incontro di presentazione delle attivit\u00e0 del Motor Valley Accelerator alla presenza dell\u2019Assessore allo sviluppo economico e green economy, lavoro e formazione della Regione Emilia-Romagna Vincenzo Colla e dell\u2019Assessore regionale al Bilancio, Personale, Patrimonio, Riordino istituzionale e Rapporti con Ue Paolo [&hellip;]<\/p>\n","protected":false},"author":50,"featured_media":24786,"comment_status":"closed","ping_status":"closed","sticky":false,"template":"","format":"standard","meta":{"_acf_changed":false,"inline_featured_image":false,"footnotes":""},"categories":[832],"tags":[],"class_list":["post-23808","post","type-post","status-publish","format-standard","has-post-thumbnail","hentry","category-notizie"],"acf":[],"yoast_head":"<!-- This site is optimized with the Yoast SEO plugin v27.5 - https:\/\/yoast.com\/product\/yoast-seo-wordpress\/ -->\n<title>Gli assessori regionali Colla e Calvano in visita al Motor Valley Accelerator &#8211; CRIT<\/title>\n<meta name=\"robots\" content=\"index, follow, max-snippet:-1, max-image-preview:large, max-video-preview:-1\" \/>\n<link rel=\"canonical\" href=\"https:\/\/crit-research.it\/it\/notizie\/gli-assessori-regionali-colla-e-calvano-in-visita-al-motor-valley-accelerator\/\" \/>\n<meta property=\"og:locale\" content=\"it_IT\" \/>\n<meta property=\"og:type\" content=\"article\" \/>\n<meta property=\"og:title\" content=\"Gli assessori regionali Colla e Calvano in visita al Motor Valley Accelerator &#8211; CRIT\" \/>\n<meta property=\"og:description\" content=\"Luned\u00ec 27 febbraio presso l\u2019headquarter di via Selmi 15 a Modena si \u00e8 tenuto un incontro di presentazione delle attivit\u00e0 del Motor Valley Accelerator alla presenza dell\u2019Assessore allo sviluppo economico e green economy, lavoro e formazione della Regione Emilia-Romagna Vincenzo Colla e dell\u2019Assessore regionale al Bilancio, Personale, Patrimonio, Riordino istituzionale e Rapporti con Ue Paolo [&hellip;]\" \/>\n<meta property=\"og:url\" content=\"https:\/\/crit-research.it\/it\/notizie\/gli-assessori-regionali-colla-e-calvano-in-visita-al-motor-valley-accelerator\/\" \/>\n<meta property=\"og:site_name\" content=\"CRIT\" \/>\n<meta property=\"article:publisher\" content=\"https:\/\/www.facebook.com\/CritResearch\" \/>\n<meta property=\"article:published_time\" content=\"2023-02-27T15:00:15+00:00\" \/>\n<meta property=\"article:modified_time\" content=\"2024-07-22T12:36:10+00:00\" \/>\n<meta property=\"og:image\" content=\"https:\/\/crit-research.it\/wp-content\/uploads\/2023\/02\/ETA0072-615x400-1.webp\" \/>\n\t<meta property=\"og:image:width\" content=\"615\" \/>\n\t<meta property=\"og:image:height\" content=\"400\" \/>\n\t<meta property=\"og:image:type\" content=\"image\/webp\" \/>\n<meta name=\"author\" content=\"Alessandro Bagnoli\" \/>\n<meta name=\"twitter:card\" content=\"summary_large_image\" \/>\n<meta name=\"twitter:creator\" content=\"@CRIT_Research\" \/>\n<meta name=\"twitter:site\" content=\"@CRIT_Research\" \/>\n<meta name=\"twitter:label1\" content=\"Scritto da\" \/>\n\t<meta name=\"twitter:data1\" content=\"Alessandro Bagnoli\" \/>\n\t<meta name=\"twitter:label2\" content=\"Tempo di lettura stimato\" \/>\n\t<meta name=\"twitter:data2\" content=\"5 minuti\" \/>\n<script type=\"application\/ld+json\" class=\"yoast-schema-graph\">{\"@context\":\"https:\\\/\\\/schema.org\",\"@graph\":[{\"@type\":\"Article\",\"@id\":\"https:\\\/\\\/crit-research.it\\\/it\\\/notizie\\\/gli-assessori-regionali-colla-e-calvano-in-visita-al-motor-valley-accelerator\\\/#article\",\"isPartOf\":{\"@id\":\"https:\\\/\\\/crit-research.it\\\/it\\\/notizie\\\/gli-assessori-regionali-colla-e-calvano-in-visita-al-motor-valley-accelerator\\\/\"},\"author\":{\"name\":\"Alessandro Bagnoli\",\"@id\":\"https:\\\/\\\/crit-research.it\\\/it\\\/#\\\/schema\\\/person\\\/97bcf02bcf9532934117d85e3c91b684\"},\"headline\":\"Gli assessori regionali Colla e Calvano in visita al Motor Valley Accelerator\",\"datePublished\":\"2023-02-27T15:00:15+00:00\",\"dateModified\":\"2024-07-22T12:36:10+00:00\",\"mainEntityOfPage\":{\"@id\":\"https:\\\/\\\/crit-research.it\\\/it\\\/notizie\\\/gli-assessori-regionali-colla-e-calvano-in-visita-al-motor-valley-accelerator\\\/\"},\"wordCount\":884,\"publisher\":{\"@id\":\"https:\\\/\\\/crit-research.it\\\/it\\\/#organization\"},\"image\":{\"@id\":\"https:\\\/\\\/crit-research.it\\\/it\\\/notizie\\\/gli-assessori-regionali-colla-e-calvano-in-visita-al-motor-valley-accelerator\\\/#primaryimage\"},\"thumbnailUrl\":\"https:\\\/\\\/crit-research.it\\\/wp-content\\\/uploads\\\/2023\\\/02\\\/ETA0072-615x400-1.webp\",\"articleSection\":[\"Notizie\"],\"inLanguage\":\"it-IT\"},{\"@type\":\"WebPage\",\"@id\":\"https:\\\/\\\/crit-research.it\\\/it\\\/notizie\\\/gli-assessori-regionali-colla-e-calvano-in-visita-al-motor-valley-accelerator\\\/\",\"url\":\"https:\\\/\\\/crit-research.it\\\/it\\\/notizie\\\/gli-assessori-regionali-colla-e-calvano-in-visita-al-motor-valley-accelerator\\\/\",\"name\":\"Gli assessori regionali Colla e Calvano in visita al Motor Valley Accelerator &#8211; CRIT\",\"isPartOf\":{\"@id\":\"https:\\\/\\\/crit-research.it\\\/it\\\/#website\"},\"primaryImageOfPage\":{\"@id\":\"https:\\\/\\\/crit-research.it\\\/it\\\/notizie\\\/gli-assessori-regionali-colla-e-calvano-in-visita-al-motor-valley-accelerator\\\/#primaryimage\"},\"image\":{\"@id\":\"https:\\\/\\\/crit-research.it\\\/it\\\/notizie\\\/gli-assessori-regionali-colla-e-calvano-in-visita-al-motor-valley-accelerator\\\/#primaryimage\"},\"thumbnailUrl\":\"https:\\\/\\\/crit-research.it\\\/wp-content\\\/uploads\\\/2023\\\/02\\\/ETA0072-615x400-1.webp\",\"datePublished\":\"2023-02-27T15:00:15+00:00\",\"dateModified\":\"2024-07-22T12:36:10+00:00\",\"breadcrumb\":{\"@id\":\"https:\\\/\\\/crit-research.it\\\/it\\\/notizie\\\/gli-assessori-regionali-colla-e-calvano-in-visita-al-motor-valley-accelerator\\\/#breadcrumb\"},\"inLanguage\":\"it-IT\",\"potentialAction\":[{\"@type\":\"ReadAction\",\"target\":[\"https:\\\/\\\/crit-research.it\\\/it\\\/notizie\\\/gli-assessori-regionali-colla-e-calvano-in-visita-al-motor-valley-accelerator\\\/\"]}]},{\"@type\":\"ImageObject\",\"inLanguage\":\"it-IT\",\"@id\":\"https:\\\/\\\/crit-research.it\\\/it\\\/notizie\\\/gli-assessori-regionali-colla-e-calvano-in-visita-al-motor-valley-accelerator\\\/#primaryimage\",\"url\":\"https:\\\/\\\/crit-research.it\\\/wp-content\\\/uploads\\\/2023\\\/02\\\/ETA0072-615x400-1.webp\",\"contentUrl\":\"https:\\\/\\\/crit-research.it\\\/wp-content\\\/uploads\\\/2023\\\/02\\\/ETA0072-615x400-1.webp\",\"width\":615,\"height\":400},{\"@type\":\"BreadcrumbList\",\"@id\":\"https:\\\/\\\/crit-research.it\\\/it\\\/notizie\\\/gli-assessori-regionali-colla-e-calvano-in-visita-al-motor-valley-accelerator\\\/#breadcrumb\",\"itemListElement\":[{\"@type\":\"ListItem\",\"position\":1,\"name\":\"Notizie\",\"item\":\"https:\\\/\\\/crit-research.it\\\/it\\\/notizie\\\/\"},{\"@type\":\"ListItem\",\"position\":2,\"name\":\"Gli assessori regionali Colla e Calvano in visita al Motor Valley Accelerator\"}]},{\"@type\":\"WebSite\",\"@id\":\"https:\\\/\\\/crit-research.it\\\/it\\\/#website\",\"url\":\"https:\\\/\\\/crit-research.it\\\/it\\\/\",\"name\":\"CRIT\",\"description\":\"Scouting Your Next Technology\",\"publisher\":{\"@id\":\"https:\\\/\\\/crit-research.it\\\/it\\\/#organization\"},\"potentialAction\":[{\"@type\":\"SearchAction\",\"target\":{\"@type\":\"EntryPoint\",\"urlTemplate\":\"https:\\\/\\\/crit-research.it\\\/it\\\/?s={search_term_string}\"},\"query-input\":{\"@type\":\"PropertyValueSpecification\",\"valueRequired\":true,\"valueName\":\"search_term_string\"}}],\"inLanguage\":\"it-IT\"},{\"@type\":\"Organization\",\"@id\":\"https:\\\/\\\/crit-research.it\\\/it\\\/#organization\",\"name\":\"CRIT srl\",\"url\":\"https:\\\/\\\/crit-research.it\\\/it\\\/\",\"logo\":{\"@type\":\"ImageObject\",\"inLanguage\":\"it-IT\",\"@id\":\"https:\\\/\\\/crit-research.it\\\/it\\\/#\\\/schema\\\/logo\\\/image\\\/\",\"url\":\"https:\\\/\\\/dev.crit-research.it\\\/wp-content\\\/uploads\\\/2019\\\/10\\\/crit-horiz-tags-blu.png\",\"contentUrl\":\"https:\\\/\\\/dev.crit-research.it\\\/wp-content\\\/uploads\\\/2019\\\/10\\\/crit-horiz-tags-blu.png\",\"width\":2163,\"height\":1557,\"caption\":\"CRIT srl\"},\"image\":{\"@id\":\"https:\\\/\\\/crit-research.it\\\/it\\\/#\\\/schema\\\/logo\\\/image\\\/\"},\"sameAs\":[\"https:\\\/\\\/www.facebook.com\\\/CritResearch\",\"https:\\\/\\\/x.com\\\/CRIT_Research\",\"https:\\\/\\\/www.linkedin.com\\\/company\\\/crit-s-r-l\",\"https:\\\/\\\/www.youtube.com\\\/user\\\/CRITsrl\"]},{\"@type\":\"Person\",\"@id\":\"https:\\\/\\\/crit-research.it\\\/it\\\/#\\\/schema\\\/person\\\/97bcf02bcf9532934117d85e3c91b684\",\"name\":\"Alessandro Bagnoli\"}]}<\/script>\n<!-- \/ Yoast SEO plugin. -->","yoast_head_json":{"title":"Gli assessori regionali Colla e Calvano in visita al Motor Valley Accelerator &#8211; CRIT","robots":{"index":"index","follow":"follow","max-snippet":"max-snippet:-1","max-image-preview":"max-image-preview:large","max-video-preview":"max-video-preview:-1"},"canonical":"https:\/\/crit-research.it\/it\/notizie\/gli-assessori-regionali-colla-e-calvano-in-visita-al-motor-valley-accelerator\/","og_locale":"it_IT","og_type":"article","og_title":"Gli assessori regionali Colla e Calvano in visita al Motor Valley Accelerator &#8211; CRIT","og_description":"Luned\u00ec 27 febbraio presso l\u2019headquarter di via Selmi 15 a Modena si \u00e8 tenuto un incontro di presentazione delle attivit\u00e0 del Motor Valley Accelerator alla presenza dell\u2019Assessore allo sviluppo economico e green economy, lavoro e formazione della Regione Emilia-Romagna Vincenzo Colla e dell\u2019Assessore regionale al Bilancio, Personale, Patrimonio, Riordino istituzionale e Rapporti con Ue Paolo [&hellip;]","og_url":"https:\/\/crit-research.it\/it\/notizie\/gli-assessori-regionali-colla-e-calvano-in-visita-al-motor-valley-accelerator\/","og_site_name":"CRIT","article_publisher":"https:\/\/www.facebook.com\/CritResearch","article_published_time":"2023-02-27T15:00:15+00:00","article_modified_time":"2024-07-22T12:36:10+00:00","og_image":[{"width":615,"height":400,"url":"https:\/\/crit-research.it\/wp-content\/uploads\/2023\/02\/ETA0072-615x400-1.webp","type":"image\/webp"}],"author":"Alessandro Bagnoli","twitter_card":"summary_large_image","twitter_creator":"@CRIT_Research","twitter_site":"@CRIT_Research","twitter_misc":{"Scritto da":"Alessandro Bagnoli","Tempo di lettura stimato":"5 minuti"},"schema":{"@context":"https:\/\/schema.org","@graph":[{"@type":"Article","@id":"https:\/\/crit-research.it\/it\/notizie\/gli-assessori-regionali-colla-e-calvano-in-visita-al-motor-valley-accelerator\/#article","isPartOf":{"@id":"https:\/\/crit-research.it\/it\/notizie\/gli-assessori-regionali-colla-e-calvano-in-visita-al-motor-valley-accelerator\/"},"author":{"name":"Alessandro Bagnoli","@id":"https:\/\/crit-research.it\/it\/#\/schema\/person\/97bcf02bcf9532934117d85e3c91b684"},"headline":"Gli assessori regionali Colla e Calvano in visita al Motor Valley Accelerator","datePublished":"2023-02-27T15:00:15+00:00","dateModified":"2024-07-22T12:36:10+00:00","mainEntityOfPage":{"@id":"https:\/\/crit-research.it\/it\/notizie\/gli-assessori-regionali-colla-e-calvano-in-visita-al-motor-valley-accelerator\/"},"wordCount":884,"publisher":{"@id":"https:\/\/crit-research.it\/it\/#organization"},"image":{"@id":"https:\/\/crit-research.it\/it\/notizie\/gli-assessori-regionali-colla-e-calvano-in-visita-al-motor-valley-accelerator\/#primaryimage"},"thumbnailUrl":"https:\/\/crit-research.it\/wp-content\/uploads\/2023\/02\/ETA0072-615x400-1.webp","articleSection":["Notizie"],"inLanguage":"it-IT"},{"@type":"WebPage","@id":"https:\/\/crit-research.it\/it\/notizie\/gli-assessori-regionali-colla-e-calvano-in-visita-al-motor-valley-accelerator\/","url":"https:\/\/crit-research.it\/it\/notizie\/gli-assessori-regionali-colla-e-calvano-in-visita-al-motor-valley-accelerator\/","name":"Gli assessori regionali Colla e Calvano in visita al Motor Valley Accelerator &#8211; CRIT","isPartOf":{"@id":"https:\/\/crit-research.it\/it\/#website"},"primaryImageOfPage":{"@id":"https:\/\/crit-research.it\/it\/notizie\/gli-assessori-regionali-colla-e-calvano-in-visita-al-motor-valley-accelerator\/#primaryimage"},"image":{"@id":"https:\/\/crit-research.it\/it\/notizie\/gli-assessori-regionali-colla-e-calvano-in-visita-al-motor-valley-accelerator\/#primaryimage"},"thumbnailUrl":"https:\/\/crit-research.it\/wp-content\/uploads\/2023\/02\/ETA0072-615x400-1.webp","datePublished":"2023-02-27T15:00:15+00:00","dateModified":"2024-07-22T12:36:10+00:00","breadcrumb":{"@id":"https:\/\/crit-research.it\/it\/notizie\/gli-assessori-regionali-colla-e-calvano-in-visita-al-motor-valley-accelerator\/#breadcrumb"},"inLanguage":"it-IT","potentialAction":[{"@type":"ReadAction","target":["https:\/\/crit-research.it\/it\/notizie\/gli-assessori-regionali-colla-e-calvano-in-visita-al-motor-valley-accelerator\/"]}]},{"@type":"ImageObject","inLanguage":"it-IT","@id":"https:\/\/crit-research.it\/it\/notizie\/gli-assessori-regionali-colla-e-calvano-in-visita-al-motor-valley-accelerator\/#primaryimage","url":"https:\/\/crit-research.it\/wp-content\/uploads\/2023\/02\/ETA0072-615x400-1.webp","contentUrl":"https:\/\/crit-research.it\/wp-content\/uploads\/2023\/02\/ETA0072-615x400-1.webp","width":615,"height":400},{"@type":"BreadcrumbList","@id":"https:\/\/crit-research.it\/it\/notizie\/gli-assessori-regionali-colla-e-calvano-in-visita-al-motor-valley-accelerator\/#breadcrumb","itemListElement":[{"@type":"ListItem","position":1,"name":"Notizie","item":"https:\/\/crit-research.it\/it\/notizie\/"},{"@type":"ListItem","position":2,"name":"Gli assessori regionali Colla e Calvano in visita al Motor Valley Accelerator"}]},{"@type":"WebSite","@id":"https:\/\/crit-research.it\/it\/#website","url":"https:\/\/crit-research.it\/it\/","name":"CRIT","description":"Scouting Your Next Technology","publisher":{"@id":"https:\/\/crit-research.it\/it\/#organization"},"potentialAction":[{"@type":"SearchAction","target":{"@type":"EntryPoint","urlTemplate":"https:\/\/crit-research.it\/it\/?s={search_term_string}"},"query-input":{"@type":"PropertyValueSpecification","valueRequired":true,"valueName":"search_term_string"}}],"inLanguage":"it-IT"},{"@type":"Organization","@id":"https:\/\/crit-research.it\/it\/#organization","name":"CRIT srl","url":"https:\/\/crit-research.it\/it\/","logo":{"@type":"ImageObject","inLanguage":"it-IT","@id":"https:\/\/crit-research.it\/it\/#\/schema\/logo\/image\/","url":"https:\/\/dev.crit-research.it\/wp-content\/uploads\/2019\/10\/crit-horiz-tags-blu.png","contentUrl":"https:\/\/dev.crit-research.it\/wp-content\/uploads\/2019\/10\/crit-horiz-tags-blu.png","width":2163,"height":1557,"caption":"CRIT srl"},"image":{"@id":"https:\/\/crit-research.it\/it\/#\/schema\/logo\/image\/"},"sameAs":["https:\/\/www.facebook.com\/CritResearch","https:\/\/x.com\/CRIT_Research","https:\/\/www.linkedin.com\/company\/crit-s-r-l","https:\/\/www.youtube.com\/user\/CRITsrl"]},{"@type":"Person","@id":"https:\/\/crit-research.it\/it\/#\/schema\/person\/97bcf02bcf9532934117d85e3c91b684","name":"Alessandro Bagnoli"}]}},"_links":{"self":[{"href":"https:\/\/crit-research.it\/it\/wp-json\/wp\/v2\/posts\/23808","targetHints":{"allow":["GET"]}}],"collection":[{"href":"https:\/\/crit-research.it\/it\/wp-json\/wp\/v2\/posts"}],"about":[{"href":"https:\/\/crit-research.it\/it\/wp-json\/wp\/v2\/types\/post"}],"author":[{"embeddable":true,"href":"https:\/\/crit-research.it\/it\/wp-json\/wp\/v2\/users\/50"}],"replies":[{"embeddable":true,"href":"https:\/\/crit-research.it\/it\/wp-json\/wp\/v2\/comments?post=23808"}],"version-history":[{"count":2,"href":"https:\/\/crit-research.it\/it\/wp-json\/wp\/v2\/posts\/23808\/revisions"}],"predecessor-version":[{"id":24788,"href":"https:\/\/crit-research.it\/it\/wp-json\/wp\/v2\/posts\/23808\/revisions\/24788"}],"wp:featuredmedia":[{"embeddable":true,"href":"https:\/\/crit-research.it\/it\/wp-json\/wp\/v2\/media\/24786"}],"wp:attachment":[{"href":"https:\/\/crit-research.it\/it\/wp-json\/wp\/v2\/media?parent=23808"}],"wp:term":[{"taxonomy":"category","embeddable":true,"href":"https:\/\/crit-research.it\/it\/wp-json\/wp\/v2\/categories?post=23808"},{"taxonomy":"post_tag","embeddable":true,"href":"https:\/\/crit-research.it\/it\/wp-json\/wp\/v2\/tags?post=23808"}],"curies":[{"name":"wp","href":"https:\/\/api.w.org\/{rel}","templated":true}]}}