{"id":20152,"date":"2021-12-23T10:41:38","date_gmt":"2021-12-23T10:41:38","guid":{"rendered":"https:\/\/www.crit-research.it\/?p=20152"},"modified":"2021-12-23T12:01:59","modified_gmt":"2021-12-23T12:01:59","slug":"motor-valley-acclerator-aperta-la-seconda-call-for-start-ups","status":"publish","type":"post","link":"https:\/\/crit-research.it\/it\/tecnologia\/motor-valley-acclerator-aperta-la-seconda-call-for-start-ups\/","title":{"rendered":"Motor Valley Acclerator: aperta la seconda Call for Startups"},"content":{"rendered":"<p>Concluso il primo anno di attivit\u00e0 del <strong>Motor Valley Accelerator<\/strong>, l\u2019acceleratore mobility delle rete nazionale CDP <strong>gestito da CRIT<\/strong> insieme a Plug&amp;Play, <a href=\"https:\/\/www.crit-research.it\/it\/notizie\/motor-valley-accelerator-alla-scoperta-delle-9-startup-selezionate\/\" target=\"_blank\" rel=\"noopener noreferrer\">con le prime startup accelerate<\/a>, il 16 dicembre 2021 si \u00e8 aperta la call per partecipare al secondo programma di accelerazione.<\/p>\n<p>Siamo alla ricerca delle migliori startup italiane (o disponibili a trasferire la propria sede in Italia) del settore automotive e mobility, che riceveranno un investimento pre-seed di 100.000\u20ac (di cui il 44% per servizi di accelerazione).<\/p>\n<p>Alcune startup, al termine del percorso di accelerazione della durata di 5 mesi che si svolger\u00e0 a Modena nel cuore della Motor Valley, potranno accedere ad un secondo investimento di follow-on fino a 500.000\u20ac.<\/p>\n<p>Le aree della mobilit\u00e0 su cui ci concentreremo sono quelli dell\u2019elettrificazione dei veicoli, della connettivit\u00e0 e della digitalizzazione, della mobilit\u00e0 autonoma, della sostenibilit\u00e0, del motorsport e di tutto ci\u00f2 che pu\u00f2 portare un\u2019innovazione disruptive nel settore della mobilit\u00e0.<\/p>\n<p>Le candidature possono essere inviate\u00a0 fino al 13 febbraio 2022 a questo link: <a href=\"https:\/\/www.motorvalleyaccelerator.com\/it\/application.html\">https:\/\/www.motorvalleyaccelerator.com\/it\/application.html<\/a><\/p>\n<p><img loading=\"lazy\" decoding=\"async\" class=\"alignnone size-medium wp-image-20155\" src=\"https:\/\/www.crit-research.it\/wp-content\/uploads\/2021\/12\/FOOTER_MOTORVALLEY_COLOR-V2_LONG_IT-800x150.png\" alt=\"\" width=\"800\" height=\"150\" srcset=\"https:\/\/crit-research.it\/wp-content\/uploads\/2021\/12\/FOOTER_MOTORVALLEY_COLOR-V2_LONG_IT-800x150.png 800w, https:\/\/crit-research.it\/wp-content\/uploads\/2021\/12\/FOOTER_MOTORVALLEY_COLOR-V2_LONG_IT-768x144.png 768w, https:\/\/crit-research.it\/wp-content\/uploads\/2021\/12\/FOOTER_MOTORVALLEY_COLOR-V2_LONG_IT-1536x288.png 1536w, https:\/\/crit-research.it\/wp-content\/uploads\/2021\/12\/FOOTER_MOTORVALLEY_COLOR-V2_LONG_IT-2048x384.png 2048w\" sizes=\"auto, (max-width: 800px) 100vw, 800px\" \/><\/p>\n","protected":false},"excerpt":{"rendered":"<p>Il 16 dicembre 2021 si \u00e8 aperta la call per partecipare al secondo programma di accelerazione del Motor Valley Accelerator per startup in ambito elettrificazione, connettivit\u00e0 e digitalizzazione dei veicoli, mobilit\u00e0 autonoma e sostenibile, e motorsport.<\/p>\n","protected":false},"author":45,"featured_media":0,"comment_status":"closed","ping_status":"closed","sticky":false,"template":"","format":"standard","meta":{"_acf_changed":false,"inline_featured_image":false,"footnotes":""},"categories":[832,1089,28],"tags":[],"class_list":["post-20152","post","type-post","status-publish","format-standard","hentry","category-notizie","category-opportunita","category-tecnologia"],"acf":[],"yoast_head":"<!-- This site is optimized with the Yoast SEO plugin v27.5 - https:\/\/yoast.com\/product\/yoast-seo-wordpress\/ -->\n<title>Motor Valley Acclerator: aperta la seconda Call for Startups &#8211; CRIT<\/title>\n<meta name=\"description\" content=\"Il 16 dicembre 2021 si \u00e8 aperta la call per partecipare al secondo programma di accelerazione del Motor Valley Accelerator per startup in ambito elettrificazione, connettivit\u00e0 e digitalizzazione dei veicoli, mobilit\u00e0 autonoma e sostenibile, e motorsport.\" \/>\n<meta name=\"robots\" content=\"index, follow, max-snippet:-1, max-image-preview:large, max-video-preview:-1\" \/>\n<link rel=\"canonical\" href=\"https:\/\/crit-research.it\/it\/tecnologia\/motor-valley-acclerator-aperta-la-seconda-call-for-start-ups\/\" \/>\n<meta property=\"og:locale\" content=\"it_IT\" \/>\n<meta property=\"og:type\" content=\"article\" \/>\n<meta property=\"og:title\" content=\"Motor Valley Acclerator: aperta la seconda Call for Startups &#8211; CRIT\" \/>\n<meta property=\"og:description\" content=\"Il 16 dicembre 2021 si \u00e8 aperta la call per partecipare al secondo programma di accelerazione del Motor Valley Accelerator per startup in ambito elettrificazione, connettivit\u00e0 e digitalizzazione dei veicoli, mobilit\u00e0 autonoma e sostenibile, e motorsport.\" \/>\n<meta property=\"og:url\" content=\"https:\/\/crit-research.it\/it\/tecnologia\/motor-valley-acclerator-aperta-la-seconda-call-for-start-ups\/\" \/>\n<meta property=\"og:site_name\" content=\"CRIT\" \/>\n<meta property=\"article:publisher\" content=\"https:\/\/www.facebook.com\/CritResearch\" \/>\n<meta property=\"article:published_time\" content=\"2021-12-23T10:41:38+00:00\" \/>\n<meta property=\"article:modified_time\" content=\"2021-12-23T12:01:59+00:00\" \/>\n<meta property=\"og:image\" content=\"https:\/\/www.crit-research.it\/wp-content\/uploads\/2021\/12\/FOOTER_MOTORVALLEY_COLOR-V2_LONG_IT-800x150.png\" \/>\n<meta name=\"author\" content=\"Riccardo Masiero\" \/>\n<meta name=\"twitter:card\" content=\"summary_large_image\" \/>\n<meta name=\"twitter:creator\" content=\"@CRIT_Research\" \/>\n<meta name=\"twitter:site\" content=\"@CRIT_Research\" \/>\n<meta name=\"twitter:label1\" content=\"Scritto da\" \/>\n\t<meta name=\"twitter:data1\" content=\"Riccardo Masiero\" \/>\n\t<meta name=\"twitter:label2\" content=\"Tempo di lettura stimato\" \/>\n\t<meta name=\"twitter:data2\" content=\"1 minuto\" \/>\n<script type=\"application\/ld+json\" class=\"yoast-schema-graph\">{\"@context\":\"https:\\\/\\\/schema.org\",\"@graph\":[{\"@type\":\"Article\",\"@id\":\"https:\\\/\\\/crit-research.it\\\/it\\\/tecnologia\\\/motor-valley-acclerator-aperta-la-seconda-call-for-start-ups\\\/#article\",\"isPartOf\":{\"@id\":\"https:\\\/\\\/crit-research.it\\\/it\\\/tecnologia\\\/motor-valley-acclerator-aperta-la-seconda-call-for-start-ups\\\/\"},\"author\":{\"name\":\"Riccardo Masiero\",\"@id\":\"https:\\\/\\\/crit-research.it\\\/it\\\/#\\\/schema\\\/person\\\/356f797b411c2d485fa486f8acaf7690\"},\"headline\":\"Motor Valley Acclerator: aperta la seconda Call for Startups\",\"datePublished\":\"2021-12-23T10:41:38+00:00\",\"dateModified\":\"2021-12-23T12:01:59+00:00\",\"mainEntityOfPage\":{\"@id\":\"https:\\\/\\\/crit-research.it\\\/it\\\/tecnologia\\\/motor-valley-acclerator-aperta-la-seconda-call-for-start-ups\\\/\"},\"wordCount\":176,\"publisher\":{\"@id\":\"https:\\\/\\\/crit-research.it\\\/it\\\/#organization\"},\"image\":{\"@id\":\"https:\\\/\\\/crit-research.it\\\/it\\\/tecnologia\\\/motor-valley-acclerator-aperta-la-seconda-call-for-start-ups\\\/#primaryimage\"},\"thumbnailUrl\":\"https:\\\/\\\/www.crit-research.it\\\/wp-content\\\/uploads\\\/2021\\\/12\\\/FOOTER_MOTORVALLEY_COLOR-V2_LONG_IT-800x150.png\",\"articleSection\":[\"Notizie\",\"Opportunit\u00e0\",\"Tecnologia\"],\"inLanguage\":\"it-IT\"},{\"@type\":\"WebPage\",\"@id\":\"https:\\\/\\\/crit-research.it\\\/it\\\/tecnologia\\\/motor-valley-acclerator-aperta-la-seconda-call-for-start-ups\\\/\",\"url\":\"https:\\\/\\\/crit-research.it\\\/it\\\/tecnologia\\\/motor-valley-acclerator-aperta-la-seconda-call-for-start-ups\\\/\",\"name\":\"Motor Valley Acclerator: aperta la seconda Call for Startups &#8211; CRIT\",\"isPartOf\":{\"@id\":\"https:\\\/\\\/crit-research.it\\\/it\\\/#website\"},\"primaryImageOfPage\":{\"@id\":\"https:\\\/\\\/crit-research.it\\\/it\\\/tecnologia\\\/motor-valley-acclerator-aperta-la-seconda-call-for-start-ups\\\/#primaryimage\"},\"image\":{\"@id\":\"https:\\\/\\\/crit-research.it\\\/it\\\/tecnologia\\\/motor-valley-acclerator-aperta-la-seconda-call-for-start-ups\\\/#primaryimage\"},\"thumbnailUrl\":\"https:\\\/\\\/www.crit-research.it\\\/wp-content\\\/uploads\\\/2021\\\/12\\\/FOOTER_MOTORVALLEY_COLOR-V2_LONG_IT-800x150.png\",\"datePublished\":\"2021-12-23T10:41:38+00:00\",\"dateModified\":\"2021-12-23T12:01:59+00:00\",\"description\":\"Il 16 dicembre 2021 si \u00e8 aperta la call per partecipare al secondo programma di accelerazione del Motor Valley Accelerator per startup in ambito elettrificazione, connettivit\u00e0 e digitalizzazione dei veicoli, mobilit\u00e0 autonoma e sostenibile, e motorsport.\",\"breadcrumb\":{\"@id\":\"https:\\\/\\\/crit-research.it\\\/it\\\/tecnologia\\\/motor-valley-acclerator-aperta-la-seconda-call-for-start-ups\\\/#breadcrumb\"},\"inLanguage\":\"it-IT\",\"potentialAction\":[{\"@type\":\"ReadAction\",\"target\":[\"https:\\\/\\\/crit-research.it\\\/it\\\/tecnologia\\\/motor-valley-acclerator-aperta-la-seconda-call-for-start-ups\\\/\"]}]},{\"@type\":\"ImageObject\",\"inLanguage\":\"it-IT\",\"@id\":\"https:\\\/\\\/crit-research.it\\\/it\\\/tecnologia\\\/motor-valley-acclerator-aperta-la-seconda-call-for-start-ups\\\/#primaryimage\",\"url\":\"https:\\\/\\\/www.crit-research.it\\\/wp-content\\\/uploads\\\/2021\\\/12\\\/FOOTER_MOTORVALLEY_COLOR-V2_LONG_IT-800x150.png\",\"contentUrl\":\"https:\\\/\\\/www.crit-research.it\\\/wp-content\\\/uploads\\\/2021\\\/12\\\/FOOTER_MOTORVALLEY_COLOR-V2_LONG_IT-800x150.png\"},{\"@type\":\"BreadcrumbList\",\"@id\":\"https:\\\/\\\/crit-research.it\\\/it\\\/tecnologia\\\/motor-valley-acclerator-aperta-la-seconda-call-for-start-ups\\\/#breadcrumb\",\"itemListElement\":[{\"@type\":\"ListItem\",\"position\":1,\"name\":\"Notizie\",\"item\":\"https:\\\/\\\/crit-research.it\\\/it\\\/notizie\\\/\"},{\"@type\":\"ListItem\",\"position\":2,\"name\":\"Motor Valley Acclerator: aperta la seconda Call for Startups\"}]},{\"@type\":\"WebSite\",\"@id\":\"https:\\\/\\\/crit-research.it\\\/it\\\/#website\",\"url\":\"https:\\\/\\\/crit-research.it\\\/it\\\/\",\"name\":\"CRIT\",\"description\":\"Scouting Your Next Technology\",\"publisher\":{\"@id\":\"https:\\\/\\\/crit-research.it\\\/it\\\/#organization\"},\"potentialAction\":[{\"@type\":\"SearchAction\",\"target\":{\"@type\":\"EntryPoint\",\"urlTemplate\":\"https:\\\/\\\/crit-research.it\\\/it\\\/?s={search_term_string}\"},\"query-input\":{\"@type\":\"PropertyValueSpecification\",\"valueRequired\":true,\"valueName\":\"search_term_string\"}}],\"inLanguage\":\"it-IT\"},{\"@type\":\"Organization\",\"@id\":\"https:\\\/\\\/crit-research.it\\\/it\\\/#organization\",\"name\":\"CRIT srl\",\"url\":\"https:\\\/\\\/crit-research.it\\\/it\\\/\",\"logo\":{\"@type\":\"ImageObject\",\"inLanguage\":\"it-IT\",\"@id\":\"https:\\\/\\\/crit-research.it\\\/it\\\/#\\\/schema\\\/logo\\\/image\\\/\",\"url\":\"https:\\\/\\\/dev.crit-research.it\\\/wp-content\\\/uploads\\\/2019\\\/10\\\/crit-horiz-tags-blu.png\",\"contentUrl\":\"https:\\\/\\\/dev.crit-research.it\\\/wp-content\\\/uploads\\\/2019\\\/10\\\/crit-horiz-tags-blu.png\",\"width\":2163,\"height\":1557,\"caption\":\"CRIT srl\"},\"image\":{\"@id\":\"https:\\\/\\\/crit-research.it\\\/it\\\/#\\\/schema\\\/logo\\\/image\\\/\"},\"sameAs\":[\"https:\\\/\\\/www.facebook.com\\\/CritResearch\",\"https:\\\/\\\/x.com\\\/CRIT_Research\",\"https:\\\/\\\/www.linkedin.com\\\/company\\\/crit-s-r-l\",\"https:\\\/\\\/www.youtube.com\\\/user\\\/CRITsrl\"]},{\"@type\":\"Person\",\"@id\":\"https:\\\/\\\/crit-research.it\\\/it\\\/#\\\/schema\\\/person\\\/356f797b411c2d485fa486f8acaf7690\",\"name\":\"Riccardo Masiero\"}]}<\/script>\n<!-- \/ Yoast SEO plugin. -->","yoast_head_json":{"title":"Motor Valley Acclerator: aperta la seconda Call for Startups &#8211; CRIT","description":"Il 16 dicembre 2021 si \u00e8 aperta la call per partecipare al secondo programma di accelerazione del Motor Valley Accelerator per startup in ambito elettrificazione, connettivit\u00e0 e digitalizzazione dei veicoli, mobilit\u00e0 autonoma e sostenibile, e motorsport.","robots":{"index":"index","follow":"follow","max-snippet":"max-snippet:-1","max-image-preview":"max-image-preview:large","max-video-preview":"max-video-preview:-1"},"canonical":"https:\/\/crit-research.it\/it\/tecnologia\/motor-valley-acclerator-aperta-la-seconda-call-for-start-ups\/","og_locale":"it_IT","og_type":"article","og_title":"Motor Valley Acclerator: aperta la seconda Call for Startups &#8211; CRIT","og_description":"Il 16 dicembre 2021 si \u00e8 aperta la call per partecipare al secondo programma di accelerazione del Motor Valley Accelerator per startup in ambito elettrificazione, connettivit\u00e0 e digitalizzazione dei veicoli, mobilit\u00e0 autonoma e sostenibile, e motorsport.","og_url":"https:\/\/crit-research.it\/it\/tecnologia\/motor-valley-acclerator-aperta-la-seconda-call-for-start-ups\/","og_site_name":"CRIT","article_publisher":"https:\/\/www.facebook.com\/CritResearch","article_published_time":"2021-12-23T10:41:38+00:00","article_modified_time":"2021-12-23T12:01:59+00:00","og_image":[{"url":"https:\/\/www.crit-research.it\/wp-content\/uploads\/2021\/12\/FOOTER_MOTORVALLEY_COLOR-V2_LONG_IT-800x150.png","type":"","width":"","height":""}],"author":"Riccardo Masiero","twitter_card":"summary_large_image","twitter_creator":"@CRIT_Research","twitter_site":"@CRIT_Research","twitter_misc":{"Scritto da":"Riccardo Masiero","Tempo di lettura stimato":"1 minuto"},"schema":{"@context":"https:\/\/schema.org","@graph":[{"@type":"Article","@id":"https:\/\/crit-research.it\/it\/tecnologia\/motor-valley-acclerator-aperta-la-seconda-call-for-start-ups\/#article","isPartOf":{"@id":"https:\/\/crit-research.it\/it\/tecnologia\/motor-valley-acclerator-aperta-la-seconda-call-for-start-ups\/"},"author":{"name":"Riccardo Masiero","@id":"https:\/\/crit-research.it\/it\/#\/schema\/person\/356f797b411c2d485fa486f8acaf7690"},"headline":"Motor Valley Acclerator: aperta la seconda Call for Startups","datePublished":"2021-12-23T10:41:38+00:00","dateModified":"2021-12-23T12:01:59+00:00","mainEntityOfPage":{"@id":"https:\/\/crit-research.it\/it\/tecnologia\/motor-valley-acclerator-aperta-la-seconda-call-for-start-ups\/"},"wordCount":176,"publisher":{"@id":"https:\/\/crit-research.it\/it\/#organization"},"image":{"@id":"https:\/\/crit-research.it\/it\/tecnologia\/motor-valley-acclerator-aperta-la-seconda-call-for-start-ups\/#primaryimage"},"thumbnailUrl":"https:\/\/www.crit-research.it\/wp-content\/uploads\/2021\/12\/FOOTER_MOTORVALLEY_COLOR-V2_LONG_IT-800x150.png","articleSection":["Notizie","Opportunit\u00e0","Tecnologia"],"inLanguage":"it-IT"},{"@type":"WebPage","@id":"https:\/\/crit-research.it\/it\/tecnologia\/motor-valley-acclerator-aperta-la-seconda-call-for-start-ups\/","url":"https:\/\/crit-research.it\/it\/tecnologia\/motor-valley-acclerator-aperta-la-seconda-call-for-start-ups\/","name":"Motor Valley Acclerator: aperta la seconda Call for Startups &#8211; CRIT","isPartOf":{"@id":"https:\/\/crit-research.it\/it\/#website"},"primaryImageOfPage":{"@id":"https:\/\/crit-research.it\/it\/tecnologia\/motor-valley-acclerator-aperta-la-seconda-call-for-start-ups\/#primaryimage"},"image":{"@id":"https:\/\/crit-research.it\/it\/tecnologia\/motor-valley-acclerator-aperta-la-seconda-call-for-start-ups\/#primaryimage"},"thumbnailUrl":"https:\/\/www.crit-research.it\/wp-content\/uploads\/2021\/12\/FOOTER_MOTORVALLEY_COLOR-V2_LONG_IT-800x150.png","datePublished":"2021-12-23T10:41:38+00:00","dateModified":"2021-12-23T12:01:59+00:00","description":"Il 16 dicembre 2021 si \u00e8 aperta la call per partecipare al secondo programma di accelerazione del Motor Valley Accelerator per startup in ambito elettrificazione, connettivit\u00e0 e digitalizzazione dei veicoli, mobilit\u00e0 autonoma e sostenibile, e motorsport.","breadcrumb":{"@id":"https:\/\/crit-research.it\/it\/tecnologia\/motor-valley-acclerator-aperta-la-seconda-call-for-start-ups\/#breadcrumb"},"inLanguage":"it-IT","potentialAction":[{"@type":"ReadAction","target":["https:\/\/crit-research.it\/it\/tecnologia\/motor-valley-acclerator-aperta-la-seconda-call-for-start-ups\/"]}]},{"@type":"ImageObject","inLanguage":"it-IT","@id":"https:\/\/crit-research.it\/it\/tecnologia\/motor-valley-acclerator-aperta-la-seconda-call-for-start-ups\/#primaryimage","url":"https:\/\/www.crit-research.it\/wp-content\/uploads\/2021\/12\/FOOTER_MOTORVALLEY_COLOR-V2_LONG_IT-800x150.png","contentUrl":"https:\/\/www.crit-research.it\/wp-content\/uploads\/2021\/12\/FOOTER_MOTORVALLEY_COLOR-V2_LONG_IT-800x150.png"},{"@type":"BreadcrumbList","@id":"https:\/\/crit-research.it\/it\/tecnologia\/motor-valley-acclerator-aperta-la-seconda-call-for-start-ups\/#breadcrumb","itemListElement":[{"@type":"ListItem","position":1,"name":"Notizie","item":"https:\/\/crit-research.it\/it\/notizie\/"},{"@type":"ListItem","position":2,"name":"Motor Valley Acclerator: aperta la seconda Call for Startups"}]},{"@type":"WebSite","@id":"https:\/\/crit-research.it\/it\/#website","url":"https:\/\/crit-research.it\/it\/","name":"CRIT","description":"Scouting Your Next Technology","publisher":{"@id":"https:\/\/crit-research.it\/it\/#organization"},"potentialAction":[{"@type":"SearchAction","target":{"@type":"EntryPoint","urlTemplate":"https:\/\/crit-research.it\/it\/?s={search_term_string}"},"query-input":{"@type":"PropertyValueSpecification","valueRequired":true,"valueName":"search_term_string"}}],"inLanguage":"it-IT"},{"@type":"Organization","@id":"https:\/\/crit-research.it\/it\/#organization","name":"CRIT srl","url":"https:\/\/crit-research.it\/it\/","logo":{"@type":"ImageObject","inLanguage":"it-IT","@id":"https:\/\/crit-research.it\/it\/#\/schema\/logo\/image\/","url":"https:\/\/dev.crit-research.it\/wp-content\/uploads\/2019\/10\/crit-horiz-tags-blu.png","contentUrl":"https:\/\/dev.crit-research.it\/wp-content\/uploads\/2019\/10\/crit-horiz-tags-blu.png","width":2163,"height":1557,"caption":"CRIT srl"},"image":{"@id":"https:\/\/crit-research.it\/it\/#\/schema\/logo\/image\/"},"sameAs":["https:\/\/www.facebook.com\/CritResearch","https:\/\/x.com\/CRIT_Research","https:\/\/www.linkedin.com\/company\/crit-s-r-l","https:\/\/www.youtube.com\/user\/CRITsrl"]},{"@type":"Person","@id":"https:\/\/crit-research.it\/it\/#\/schema\/person\/356f797b411c2d485fa486f8acaf7690","name":"Riccardo Masiero"}]}},"_links":{"self":[{"href":"https:\/\/crit-research.it\/it\/wp-json\/wp\/v2\/posts\/20152","targetHints":{"allow":["GET"]}}],"collection":[{"href":"https:\/\/crit-research.it\/it\/wp-json\/wp\/v2\/posts"}],"about":[{"href":"https:\/\/crit-research.it\/it\/wp-json\/wp\/v2\/types\/post"}],"author":[{"embeddable":true,"href":"https:\/\/crit-research.it\/it\/wp-json\/wp\/v2\/users\/45"}],"replies":[{"embeddable":true,"href":"https:\/\/crit-research.it\/it\/wp-json\/wp\/v2\/comments?post=20152"}],"version-history":[{"count":9,"href":"https:\/\/crit-research.it\/it\/wp-json\/wp\/v2\/posts\/20152\/revisions"}],"predecessor-version":[{"id":20186,"href":"https:\/\/crit-research.it\/it\/wp-json\/wp\/v2\/posts\/20152\/revisions\/20186"}],"wp:attachment":[{"href":"https:\/\/crit-research.it\/it\/wp-json\/wp\/v2\/media?parent=20152"}],"wp:term":[{"taxonomy":"category","embeddable":true,"href":"https:\/\/crit-research.it\/it\/wp-json\/wp\/v2\/categories?post=20152"},{"taxonomy":"post_tag","embeddable":true,"href":"https:\/\/crit-research.it\/it\/wp-json\/wp\/v2\/tags?post=20152"}],"curies":[{"name":"wp","href":"https:\/\/api.w.org\/{rel}","templated":true}]}}