{"id":14976,"date":"2019-10-31T09:00:17","date_gmt":"2019-10-31T09:00:17","guid":{"rendered":"https:\/\/www.crit-research.it\/?p=14976"},"modified":"2019-11-06T09:19:19","modified_gmt":"2019-11-06T09:19:19","slug":"crit-insight-luomo-al-centro-della-fabbrica","status":"publish","type":"post","link":"https:\/\/crit-research.it\/it\/notizie\/crit-insight-luomo-al-centro-della-fabbrica\/","title":{"rendered":"CRIT Insight: L\u2019uomo al centro della fabbrica"},"content":{"rendered":"\n<figure class=\"wp-block-image is-resized\"><a href=\"https:\/\/www.crit-research.it\/it\/nfa\/niew-design-srl\/\"><img loading=\"lazy\" decoding=\"async\" src=\"https:\/\/www.crit-research.it\/wp-content\/uploads\/2019\/10\/NiEW-800x136.png\" alt=\"NiEW_logo\" class=\"wp-image-14972\" width=\"520\" height=\"88\" srcset=\"https:\/\/crit-research.it\/wp-content\/uploads\/2019\/10\/NiEW-800x136.png 800w, https:\/\/crit-research.it\/wp-content\/uploads\/2019\/10\/NiEW-768x130.png 768w\" sizes=\"auto, (max-width: 520px) 100vw, 520px\" \/><\/a><\/figure>\n\n\n\n<p><br \/><em>Il Networking Day 2019 \u00e8 stata un&#8217;occasione per approfondire gli aspetti e le criticit\u00e0 pi\u00f9 importanti legate all&#8217;innovazione digitale. Insieme a NiEW abbiamo parlato del ruolo della persona nella fabbrica intelligente e del supporto fornito dalle tecnologie, cercando di approfondire da cosa nasce il valore aggiunto dei processi di digitalizzazione.<\/em><\/p>\n\n\n\n<p style=\"font-size:23px\"><strong>Il ruolo della persona<\/strong><\/p>\n\n\n\n<p>La tecnologia \u00e8 uno strumento che aiuta le persone a svolgere una serie di compiti nella loro vita professionale o privata. La prospettiva di <a href=\"http:\/\/www.niew.it\/\">NiEW<\/a> verso un progetto tecnologico dunque non \u00e8 \u201ccome risolvo un certo problema tecnico\u201d, ma&nbsp;come posso <strong>abilitare il destinatario<\/strong>&nbsp;di questa tecnologia a svolgere il suo compito, la sua&nbsp;azione, la sua&nbsp;operazione di business, qualsiasi essa sia, dal prenotare un cinema a selezionare un programma su una macchina&nbsp;trancio-piegatrice.<\/p>\n\n\n\n<p>Il focus\ndi NiEW sono quindi i destinatari della tecnologia,&nbsp;e&nbsp;questo li\ndifferenzia dal ruolo di altri player come ad esempio il System Integrator, che\n\u00e8 pi\u00f9 focalizzato sui requisiti tecnologici. <\/p>\n\n\n\n<p>\u201cNoi ci chiediamo: cosa devono fare le persone&nbsp;che useranno questo sistema? Quali&nbsp;<strong>operazioni <\/strong>dovranno svolgere? Quali sono gli <strong>ostacoli <\/strong>che&nbsp;incontrano nel farlo? Ci sono e quali sono le <strong>opportunit\u00e0 <\/strong>ancora non emerse? A partire&nbsp;da questo ricostruiamo un processo&nbsp;esistente, se necessario lo miglioriamo,&nbsp;e&nbsp;una volta ottimizzato il processo ideiamo una serie di soluzioni che&nbsp;utilizzano&nbsp;la<strong> tecnologia come strumento per facilitare<\/strong>&nbsp;il destinatario nello svolgere il suo compito in quel processo\u201d ha dichiarato Andrea Violante, CEO di NiEW durante il suo intervento al recente <a href=\"https:\/\/www.crit-research.it\/it\/eventi\/networking-day-2019-digitale-valore\/\">CRIT Networking Day 2019<\/a>.<\/p>\n\n\n\n<figure class=\"wp-block-image\"><img loading=\"lazy\" decoding=\"async\" width=\"800\" height=\"483\" src=\"https:\/\/www.crit-research.it\/wp-content\/uploads\/2019\/10\/DSC_3049_rev_cut-800x483.jpg\" alt=\"\" class=\"wp-image-14980\" srcset=\"https:\/\/crit-research.it\/wp-content\/uploads\/2019\/10\/DSC_3049_rev_cut-800x483.jpg 800w, https:\/\/crit-research.it\/wp-content\/uploads\/2019\/10\/DSC_3049_rev_cut-662x400.jpg 662w, https:\/\/crit-research.it\/wp-content\/uploads\/2019\/10\/DSC_3049_rev_cut-768x464.jpg 768w\" sizes=\"auto, (max-width: 800px) 100vw, 800px\" \/><\/figure>\n\n\n\n<p>Tale approccio permette di <strong>minimizzare le frizioni<\/strong> che inevitabilmente si creano quando una tecnologia viene calata dall&#8217;alto. \u201cSono frequenti i casi in cui i nostri clienti ci chiamano dopo un primo tentativo di digitalizzazione non pienamente di successo e noi entriamo in gioco per identificare i punti di frizione e i colli di bottiglia e orientiamo la nostra attivit\u00e0 per cercare di ridurli al minimo\u201d prosegue Violante.<\/p>\n\n\n\n<p>Usando questa metodologia vengono coinvolti non solo i destinatari dello strumento tecnologico, ma anche gli stakeholder, quindi non solo chi si occupa di IT\/OT, ma anche chi si occupa di business, marketing di prodotto,&nbsp;operations, processi e tutto ci\u00f2 che riguarda l\u2019organizzazione aziendale, perch\u00e9 di fatto \u00e8 su tutti questi aspetti che si va ad agire, sia che si parli di innovazione di prodotto che di processo.<\/p>\n\n\n\n<p style=\"font-size:23px\"><strong>Il valore dei processi di digitalizzazione<\/strong><\/p>\n\n\n\n<p>Secondo l\u2019esperienza di NiEW gli aspetti pi\u00f9 visibili su cui si genera valore aggiunto sono quattro. Il primo \u00e8 un <strong>valore hard<\/strong>, misurabile e riguarda prodotti e soluzioni che mettiamo in campo, si esprime come riduzione dei tempi di apprendimento, di esecuzione dei compiti, tempi di recupero dagli errori.<\/p>\n\n\n\n<p>Il secondo riguarda i processi e in particolare la<strong> riduzione delle frizioni<\/strong> che inevitabilmente si generano nell\u2019introduzione di nuovi strumenti, non \u00e8 facilmente quantificabile ma \u00e8 capitato di dover portare a termine in pochi mesi progetti che precedentemente hanno fallito in percorsi durati anni.<\/p>\n\n\n\n<p>Il terzo riguarda uno dei temi pi\u00f9 cari al team di NiEW, ovvero il <strong>valore percepito<\/strong> e pu\u00f2 interessare prodotti, processi, strategie e anche modelli di busines; \u00e8 forse il pi\u00f9 difficile da quantificare ma pu\u00f2 generare grandissimo valore raccolto direttamente dal mercato.  <\/p>\n\n\n\n<p>Infine l\u2019ultimo deriva dai <strong>premi <\/strong>che NiEW ha avuto la capacit\u00e0 di vincere in questi anni: in Italia ce n&#8217;\u00e8 di fatto uno che \u00e8 il<strong> Compasso d&#8217;Oro<\/strong>, mentre in Germania ce ne sono diversi: il <strong>Red Dot Award<\/strong>, l&#8217;<strong>iF Design Award<\/strong>, il <strong>German Design Award<\/strong>.&nbsp;Il team di NiEW lavorando in partnership con grandi clienti come IMA, SCM, Salvagnini ha ottenuto importanti riconoscimenti per i propri progetti vincendo molti di questi premi, tra cui quelli tedeschi citati sopra, che per le aziende italiane possono essere un fattore distintivo ancor pi\u00f9 di valore proprio perch\u00e9 strappato nel territorio dei competitor pi\u00f9 temibili. Inoltre per aziende sensibili alla comunicazione, come quelle quotate in borsa, il premio pu\u00f2 produrre ritorni importanti e quantificabili. <\/p>\n","protected":false},"excerpt":{"rendered":"<p>Il Networking Day 2019 \u00e8 stata un&#8217;occasione per approfondire gli aspetti e le criticit\u00e0 pi\u00f9 importanti legate all&#8217;innovazione digitale. Insieme a NiEW abbiamo parlato del ruolo della persona nella fabbrica intelligente e del supporto fornito dalle tecnologie, cercando di approfondire da cosa nasce il valore aggiunto dei processi di digitalizzazione. Il ruolo della persona La [&hellip;]<\/p>\n","protected":false},"author":45,"featured_media":0,"comment_status":"closed","ping_status":"closed","sticky":false,"template":"","format":"standard","meta":{"_acf_changed":false,"inline_featured_image":false,"footnotes":""},"categories":[1243,832],"tags":[1225,1226,280,1174,1173,523,1220,1221,1222,1223],"class_list":["post-14976","post","type-post","status-publish","format-standard","hentry","category-articoli","category-notizie","tag-digitale","tag-digitalizzazione","tag-fabbrica-intelligente","tag-networking-day","tag-networking-day-2019","tag-nfa","tag-niew","tag-persona","tag-uomo","tag-valore"],"acf":[],"yoast_head":"<!-- This site is optimized with the Yoast SEO plugin v27.5 - https:\/\/yoast.com\/product\/yoast-seo-wordpress\/ -->\n<title>CRIT Insight: L\u2019uomo al centro della fabbrica &#8211; CRIT<\/title>\n<meta name=\"description\" content=\"Insieme a NiEW parliamo del ruolo della persona nella fabbrica intelligente, del supporto fornito dalle tecnologie e del vero valore della digitalizzazione.\" \/>\n<meta name=\"robots\" content=\"index, follow, max-snippet:-1, max-image-preview:large, max-video-preview:-1\" \/>\n<link rel=\"canonical\" href=\"https:\/\/crit-research.it\/it\/notizie\/crit-insight-luomo-al-centro-della-fabbrica\/\" \/>\n<meta property=\"og:locale\" content=\"it_IT\" \/>\n<meta property=\"og:type\" content=\"article\" \/>\n<meta property=\"og:title\" content=\"CRIT Insight: L\u2019uomo al centro della fabbrica &#8211; CRIT\" \/>\n<meta property=\"og:description\" content=\"Insieme a NiEW parliamo del ruolo della persona nella fabbrica intelligente, del supporto fornito dalle tecnologie e del vero valore della digitalizzazione.\" \/>\n<meta property=\"og:url\" content=\"https:\/\/crit-research.it\/it\/notizie\/crit-insight-luomo-al-centro-della-fabbrica\/\" \/>\n<meta property=\"og:site_name\" content=\"CRIT\" \/>\n<meta property=\"article:publisher\" content=\"https:\/\/www.facebook.com\/CritResearch\" \/>\n<meta property=\"article:published_time\" content=\"2019-10-31T09:00:17+00:00\" \/>\n<meta property=\"article:modified_time\" content=\"2019-11-06T09:19:19+00:00\" \/>\n<meta property=\"og:image\" content=\"https:\/\/www.crit-research.it\/wp-content\/uploads\/2019\/10\/NiEW-800x136.png\" \/>\n<meta name=\"author\" content=\"Riccardo Masiero\" \/>\n<meta name=\"twitter:card\" content=\"summary_large_image\" \/>\n<meta name=\"twitter:creator\" content=\"@CRIT_Research\" \/>\n<meta name=\"twitter:site\" content=\"@CRIT_Research\" \/>\n<meta name=\"twitter:label1\" content=\"Scritto da\" \/>\n\t<meta name=\"twitter:data1\" content=\"Riccardo Masiero\" \/>\n\t<meta name=\"twitter:label2\" content=\"Tempo di lettura stimato\" \/>\n\t<meta name=\"twitter:data2\" content=\"3 minuti\" \/>\n<script type=\"application\/ld+json\" class=\"yoast-schema-graph\">{\"@context\":\"https:\\\/\\\/schema.org\",\"@graph\":[{\"@type\":\"Article\",\"@id\":\"https:\\\/\\\/crit-research.it\\\/it\\\/notizie\\\/crit-insight-luomo-al-centro-della-fabbrica\\\/#article\",\"isPartOf\":{\"@id\":\"https:\\\/\\\/crit-research.it\\\/it\\\/notizie\\\/crit-insight-luomo-al-centro-della-fabbrica\\\/\"},\"author\":{\"name\":\"Riccardo Masiero\",\"@id\":\"https:\\\/\\\/crit-research.it\\\/it\\\/#\\\/schema\\\/person\\\/356f797b411c2d485fa486f8acaf7690\"},\"headline\":\"CRIT Insight: L\u2019uomo al centro della fabbrica\",\"datePublished\":\"2019-10-31T09:00:17+00:00\",\"dateModified\":\"2019-11-06T09:19:19+00:00\",\"mainEntityOfPage\":{\"@id\":\"https:\\\/\\\/crit-research.it\\\/it\\\/notizie\\\/crit-insight-luomo-al-centro-della-fabbrica\\\/\"},\"wordCount\":675,\"publisher\":{\"@id\":\"https:\\\/\\\/crit-research.it\\\/it\\\/#organization\"},\"image\":{\"@id\":\"https:\\\/\\\/crit-research.it\\\/it\\\/notizie\\\/crit-insight-luomo-al-centro-della-fabbrica\\\/#primaryimage\"},\"thumbnailUrl\":\"https:\\\/\\\/www.crit-research.it\\\/wp-content\\\/uploads\\\/2019\\\/10\\\/NiEW-800x136.png\",\"keywords\":[\"Digitale\",\"Digitalizzazione\",\"Fabbrica Intelligente\",\"Networking Day\",\"Networking Day 2019\",\"NFA\",\"NiEW\",\"Persona\",\"Uomo\",\"Valore\"],\"articleSection\":[\"Articoli\",\"Notizie\"],\"inLanguage\":\"it-IT\"},{\"@type\":\"WebPage\",\"@id\":\"https:\\\/\\\/crit-research.it\\\/it\\\/notizie\\\/crit-insight-luomo-al-centro-della-fabbrica\\\/\",\"url\":\"https:\\\/\\\/crit-research.it\\\/it\\\/notizie\\\/crit-insight-luomo-al-centro-della-fabbrica\\\/\",\"name\":\"CRIT Insight: L\u2019uomo al centro della fabbrica &#8211; CRIT\",\"isPartOf\":{\"@id\":\"https:\\\/\\\/crit-research.it\\\/it\\\/#website\"},\"primaryImageOfPage\":{\"@id\":\"https:\\\/\\\/crit-research.it\\\/it\\\/notizie\\\/crit-insight-luomo-al-centro-della-fabbrica\\\/#primaryimage\"},\"image\":{\"@id\":\"https:\\\/\\\/crit-research.it\\\/it\\\/notizie\\\/crit-insight-luomo-al-centro-della-fabbrica\\\/#primaryimage\"},\"thumbnailUrl\":\"https:\\\/\\\/www.crit-research.it\\\/wp-content\\\/uploads\\\/2019\\\/10\\\/NiEW-800x136.png\",\"datePublished\":\"2019-10-31T09:00:17+00:00\",\"dateModified\":\"2019-11-06T09:19:19+00:00\",\"description\":\"Insieme a NiEW parliamo del ruolo della persona nella fabbrica intelligente, del supporto fornito dalle tecnologie e del vero valore della digitalizzazione.\",\"breadcrumb\":{\"@id\":\"https:\\\/\\\/crit-research.it\\\/it\\\/notizie\\\/crit-insight-luomo-al-centro-della-fabbrica\\\/#breadcrumb\"},\"inLanguage\":\"it-IT\",\"potentialAction\":[{\"@type\":\"ReadAction\",\"target\":[\"https:\\\/\\\/crit-research.it\\\/it\\\/notizie\\\/crit-insight-luomo-al-centro-della-fabbrica\\\/\"]}]},{\"@type\":\"ImageObject\",\"inLanguage\":\"it-IT\",\"@id\":\"https:\\\/\\\/crit-research.it\\\/it\\\/notizie\\\/crit-insight-luomo-al-centro-della-fabbrica\\\/#primaryimage\",\"url\":\"https:\\\/\\\/www.crit-research.it\\\/wp-content\\\/uploads\\\/2019\\\/10\\\/NiEW-800x136.png\",\"contentUrl\":\"https:\\\/\\\/www.crit-research.it\\\/wp-content\\\/uploads\\\/2019\\\/10\\\/NiEW-800x136.png\"},{\"@type\":\"BreadcrumbList\",\"@id\":\"https:\\\/\\\/crit-research.it\\\/it\\\/notizie\\\/crit-insight-luomo-al-centro-della-fabbrica\\\/#breadcrumb\",\"itemListElement\":[{\"@type\":\"ListItem\",\"position\":1,\"name\":\"Articoli\",\"item\":\"https:\\\/\\\/crit-research.it\\\/it\\\/articoli\\\/\"},{\"@type\":\"ListItem\",\"position\":2,\"name\":\"CRIT Insight: L\u2019uomo al centro della fabbrica\"}]},{\"@type\":\"WebSite\",\"@id\":\"https:\\\/\\\/crit-research.it\\\/it\\\/#website\",\"url\":\"https:\\\/\\\/crit-research.it\\\/it\\\/\",\"name\":\"CRIT\",\"description\":\"Scouting Your Next Technology\",\"publisher\":{\"@id\":\"https:\\\/\\\/crit-research.it\\\/it\\\/#organization\"},\"potentialAction\":[{\"@type\":\"SearchAction\",\"target\":{\"@type\":\"EntryPoint\",\"urlTemplate\":\"https:\\\/\\\/crit-research.it\\\/it\\\/?s={search_term_string}\"},\"query-input\":{\"@type\":\"PropertyValueSpecification\",\"valueRequired\":true,\"valueName\":\"search_term_string\"}}],\"inLanguage\":\"it-IT\"},{\"@type\":\"Organization\",\"@id\":\"https:\\\/\\\/crit-research.it\\\/it\\\/#organization\",\"name\":\"CRIT srl\",\"url\":\"https:\\\/\\\/crit-research.it\\\/it\\\/\",\"logo\":{\"@type\":\"ImageObject\",\"inLanguage\":\"it-IT\",\"@id\":\"https:\\\/\\\/crit-research.it\\\/it\\\/#\\\/schema\\\/logo\\\/image\\\/\",\"url\":\"https:\\\/\\\/dev.crit-research.it\\\/wp-content\\\/uploads\\\/2019\\\/10\\\/crit-horiz-tags-blu.png\",\"contentUrl\":\"https:\\\/\\\/dev.crit-research.it\\\/wp-content\\\/uploads\\\/2019\\\/10\\\/crit-horiz-tags-blu.png\",\"width\":2163,\"height\":1557,\"caption\":\"CRIT srl\"},\"image\":{\"@id\":\"https:\\\/\\\/crit-research.it\\\/it\\\/#\\\/schema\\\/logo\\\/image\\\/\"},\"sameAs\":[\"https:\\\/\\\/www.facebook.com\\\/CritResearch\",\"https:\\\/\\\/x.com\\\/CRIT_Research\",\"https:\\\/\\\/www.linkedin.com\\\/company\\\/crit-s-r-l\",\"https:\\\/\\\/www.youtube.com\\\/user\\\/CRITsrl\"]},{\"@type\":\"Person\",\"@id\":\"https:\\\/\\\/crit-research.it\\\/it\\\/#\\\/schema\\\/person\\\/356f797b411c2d485fa486f8acaf7690\",\"name\":\"Riccardo Masiero\"}]}<\/script>\n<!-- \/ Yoast SEO plugin. -->","yoast_head_json":{"title":"CRIT Insight: L\u2019uomo al centro della fabbrica &#8211; CRIT","description":"Insieme a NiEW parliamo del ruolo della persona nella fabbrica intelligente, del supporto fornito dalle tecnologie e del vero valore della digitalizzazione.","robots":{"index":"index","follow":"follow","max-snippet":"max-snippet:-1","max-image-preview":"max-image-preview:large","max-video-preview":"max-video-preview:-1"},"canonical":"https:\/\/crit-research.it\/it\/notizie\/crit-insight-luomo-al-centro-della-fabbrica\/","og_locale":"it_IT","og_type":"article","og_title":"CRIT Insight: L\u2019uomo al centro della fabbrica &#8211; CRIT","og_description":"Insieme a NiEW parliamo del ruolo della persona nella fabbrica intelligente, del supporto fornito dalle tecnologie e del vero valore della digitalizzazione.","og_url":"https:\/\/crit-research.it\/it\/notizie\/crit-insight-luomo-al-centro-della-fabbrica\/","og_site_name":"CRIT","article_publisher":"https:\/\/www.facebook.com\/CritResearch","article_published_time":"2019-10-31T09:00:17+00:00","article_modified_time":"2019-11-06T09:19:19+00:00","og_image":[{"url":"https:\/\/www.crit-research.it\/wp-content\/uploads\/2019\/10\/NiEW-800x136.png","type":"","width":"","height":""}],"author":"Riccardo Masiero","twitter_card":"summary_large_image","twitter_creator":"@CRIT_Research","twitter_site":"@CRIT_Research","twitter_misc":{"Scritto da":"Riccardo Masiero","Tempo di lettura stimato":"3 minuti"},"schema":{"@context":"https:\/\/schema.org","@graph":[{"@type":"Article","@id":"https:\/\/crit-research.it\/it\/notizie\/crit-insight-luomo-al-centro-della-fabbrica\/#article","isPartOf":{"@id":"https:\/\/crit-research.it\/it\/notizie\/crit-insight-luomo-al-centro-della-fabbrica\/"},"author":{"name":"Riccardo Masiero","@id":"https:\/\/crit-research.it\/it\/#\/schema\/person\/356f797b411c2d485fa486f8acaf7690"},"headline":"CRIT Insight: L\u2019uomo al centro della fabbrica","datePublished":"2019-10-31T09:00:17+00:00","dateModified":"2019-11-06T09:19:19+00:00","mainEntityOfPage":{"@id":"https:\/\/crit-research.it\/it\/notizie\/crit-insight-luomo-al-centro-della-fabbrica\/"},"wordCount":675,"publisher":{"@id":"https:\/\/crit-research.it\/it\/#organization"},"image":{"@id":"https:\/\/crit-research.it\/it\/notizie\/crit-insight-luomo-al-centro-della-fabbrica\/#primaryimage"},"thumbnailUrl":"https:\/\/www.crit-research.it\/wp-content\/uploads\/2019\/10\/NiEW-800x136.png","keywords":["Digitale","Digitalizzazione","Fabbrica Intelligente","Networking Day","Networking Day 2019","NFA","NiEW","Persona","Uomo","Valore"],"articleSection":["Articoli","Notizie"],"inLanguage":"it-IT"},{"@type":"WebPage","@id":"https:\/\/crit-research.it\/it\/notizie\/crit-insight-luomo-al-centro-della-fabbrica\/","url":"https:\/\/crit-research.it\/it\/notizie\/crit-insight-luomo-al-centro-della-fabbrica\/","name":"CRIT Insight: L\u2019uomo al centro della fabbrica &#8211; CRIT","isPartOf":{"@id":"https:\/\/crit-research.it\/it\/#website"},"primaryImageOfPage":{"@id":"https:\/\/crit-research.it\/it\/notizie\/crit-insight-luomo-al-centro-della-fabbrica\/#primaryimage"},"image":{"@id":"https:\/\/crit-research.it\/it\/notizie\/crit-insight-luomo-al-centro-della-fabbrica\/#primaryimage"},"thumbnailUrl":"https:\/\/www.crit-research.it\/wp-content\/uploads\/2019\/10\/NiEW-800x136.png","datePublished":"2019-10-31T09:00:17+00:00","dateModified":"2019-11-06T09:19:19+00:00","description":"Insieme a NiEW parliamo del ruolo della persona nella fabbrica intelligente, del supporto fornito dalle tecnologie e del vero valore della digitalizzazione.","breadcrumb":{"@id":"https:\/\/crit-research.it\/it\/notizie\/crit-insight-luomo-al-centro-della-fabbrica\/#breadcrumb"},"inLanguage":"it-IT","potentialAction":[{"@type":"ReadAction","target":["https:\/\/crit-research.it\/it\/notizie\/crit-insight-luomo-al-centro-della-fabbrica\/"]}]},{"@type":"ImageObject","inLanguage":"it-IT","@id":"https:\/\/crit-research.it\/it\/notizie\/crit-insight-luomo-al-centro-della-fabbrica\/#primaryimage","url":"https:\/\/www.crit-research.it\/wp-content\/uploads\/2019\/10\/NiEW-800x136.png","contentUrl":"https:\/\/www.crit-research.it\/wp-content\/uploads\/2019\/10\/NiEW-800x136.png"},{"@type":"BreadcrumbList","@id":"https:\/\/crit-research.it\/it\/notizie\/crit-insight-luomo-al-centro-della-fabbrica\/#breadcrumb","itemListElement":[{"@type":"ListItem","position":1,"name":"Articoli","item":"https:\/\/crit-research.it\/it\/articoli\/"},{"@type":"ListItem","position":2,"name":"CRIT Insight: L\u2019uomo al centro della fabbrica"}]},{"@type":"WebSite","@id":"https:\/\/crit-research.it\/it\/#website","url":"https:\/\/crit-research.it\/it\/","name":"CRIT","description":"Scouting Your Next Technology","publisher":{"@id":"https:\/\/crit-research.it\/it\/#organization"},"potentialAction":[{"@type":"SearchAction","target":{"@type":"EntryPoint","urlTemplate":"https:\/\/crit-research.it\/it\/?s={search_term_string}"},"query-input":{"@type":"PropertyValueSpecification","valueRequired":true,"valueName":"search_term_string"}}],"inLanguage":"it-IT"},{"@type":"Organization","@id":"https:\/\/crit-research.it\/it\/#organization","name":"CRIT srl","url":"https:\/\/crit-research.it\/it\/","logo":{"@type":"ImageObject","inLanguage":"it-IT","@id":"https:\/\/crit-research.it\/it\/#\/schema\/logo\/image\/","url":"https:\/\/dev.crit-research.it\/wp-content\/uploads\/2019\/10\/crit-horiz-tags-blu.png","contentUrl":"https:\/\/dev.crit-research.it\/wp-content\/uploads\/2019\/10\/crit-horiz-tags-blu.png","width":2163,"height":1557,"caption":"CRIT srl"},"image":{"@id":"https:\/\/crit-research.it\/it\/#\/schema\/logo\/image\/"},"sameAs":["https:\/\/www.facebook.com\/CritResearch","https:\/\/x.com\/CRIT_Research","https:\/\/www.linkedin.com\/company\/crit-s-r-l","https:\/\/www.youtube.com\/user\/CRITsrl"]},{"@type":"Person","@id":"https:\/\/crit-research.it\/it\/#\/schema\/person\/356f797b411c2d485fa486f8acaf7690","name":"Riccardo Masiero"}]}},"_links":{"self":[{"href":"https:\/\/crit-research.it\/it\/wp-json\/wp\/v2\/posts\/14976","targetHints":{"allow":["GET"]}}],"collection":[{"href":"https:\/\/crit-research.it\/it\/wp-json\/wp\/v2\/posts"}],"about":[{"href":"https:\/\/crit-research.it\/it\/wp-json\/wp\/v2\/types\/post"}],"author":[{"embeddable":true,"href":"https:\/\/crit-research.it\/it\/wp-json\/wp\/v2\/users\/45"}],"replies":[{"embeddable":true,"href":"https:\/\/crit-research.it\/it\/wp-json\/wp\/v2\/comments?post=14976"}],"version-history":[{"count":15,"href":"https:\/\/crit-research.it\/it\/wp-json\/wp\/v2\/posts\/14976\/revisions"}],"predecessor-version":[{"id":15114,"href":"https:\/\/crit-research.it\/it\/wp-json\/wp\/v2\/posts\/14976\/revisions\/15114"}],"wp:attachment":[{"href":"https:\/\/crit-research.it\/it\/wp-json\/wp\/v2\/media?parent=14976"}],"wp:term":[{"taxonomy":"category","embeddable":true,"href":"https:\/\/crit-research.it\/it\/wp-json\/wp\/v2\/categories?post=14976"},{"taxonomy":"post_tag","embeddable":true,"href":"https:\/\/crit-research.it\/it\/wp-json\/wp\/v2\/tags?post=14976"}],"curies":[{"name":"wp","href":"https:\/\/api.w.org\/{rel}","templated":true}]}}