{"id":14289,"date":"2019-07-30T07:31:11","date_gmt":"2019-07-30T07:31:11","guid":{"rendered":"https:\/\/www.crit-research.it\/?p=14289"},"modified":"2019-07-30T08:20:13","modified_gmt":"2019-07-30T08:20:13","slug":"bando-innovazione-pmi","status":"publish","type":"post","link":"https:\/\/crit-research.it\/it\/progetti\/bando-innovazione-pmi\/","title":{"rendered":"Dalla Regione Emilia-Romagna un  nuovo bando per i servizi innovativi nelle PMI"},"content":{"rendered":"\n<p> La Regione Emilia-Romagna ha pubblicato un <a href=\"http:\/\/fesr.regione.emilia-romagna.it\/opportunita\/2019\/servizi-innovativi-nelle-p-m-i-2019\">nuovo bando<\/a> appartenente al programma  Por Fesr 2014-2020 (Asse 1, Azione 1.1.2) dedicato alle PMI impegnate in percorsi di<strong>&nbsp;innovazione tecnologica<\/strong>&nbsp;e&nbsp;<strong>diversificazione dei propri prodotti e\/o servizi<\/strong>, con l&#8217;obiettivo di&nbsp;<strong>accrescere la quota di mercato<\/strong>&nbsp;o di&nbsp;<strong>penetrare in nuovi mercati<\/strong>. <\/p>\n\n\n\n<p><strong>Ambito: <\/strong>Sono ammissibili ai finanziamenti i progetti di innovazione e diversificazione che comportano almeno una delle seguenti azioni:<\/p>\n\n\n\n<ul class=\"wp-block-list\"><li>ampliamento della gamma dei prodotti e\/o servizi o la loro significativa ridefinizione tecnologica e funzionale<\/li><li>introduzione di contenuti e processi digitali e di innovazione di servizio in grado di modificare il rapporto con clienti e stakeholder<\/li><li>ricaratterizzazione dei prodotti e dei servizi verso le esigenze di sostenibilit\u00e0 ambientale, inclusione e qualit\u00e0 di vita, cultura e societ\u00e0 dell\u2019informazione.<\/li><\/ul>\n\n\n\n<p><strong>Deadline:<\/strong> 18 dicembre 2019 <\/p>\n\n\n\n<p><strong>Spesa ammessa<\/strong>: il progetto deve avere un&nbsp;costo&nbsp;che va da un&nbsp;<strong>minimo<\/strong>&nbsp;di \u20ac&nbsp;<strong>20.000&nbsp;<\/strong>a un<strong>&nbsp;massimo<\/strong>&nbsp;di&nbsp; \u20ac&nbsp;<strong>80.000<\/strong><\/p>\n\n\n\n<p><strong>Spese ammissibili<\/strong>: sono ammissibili le spese per l\u2019acquisizione di <strong>servizi di consulenza tecnologica<\/strong>, quali progettazione software, design di prodotto, prove sperimentali e progettazione di impianti pilota.<br \/>\u00c8 previsto un contributo a <strong>fondo perduto<\/strong> pari al <strong>50%<\/strong> dei costi sostenuti.<\/p>\n\n\n\n<p>Anche i servizi CRIT di <a href=\"https:\/\/www.crit-research.it\/it\/scouting-tecnologico\/\"><strong>scouting tecnologico<\/strong><\/a>, <strong>assessment <\/strong>per l\u2019innovazione e <a href=\"https:\/\/www.crit-research.it\/it\/cases\/due-diligence-tecnologica-su-start-up-innovativa\/\"><strong>due diligence<\/strong><\/a> tecnologica sono co-finanziabili con questo bando. <\/p>\n\n\n\n<p><a href=\"mailto:raule.n@crit-research.it?subject=Informazioni bando innovazione PMI\">Per maggiori informazioni<\/a><\/p>\n","protected":false},"excerpt":{"rendered":"<p>Disponibile un nuovo bando regionale POR-FESR dedicato alle PMI per il finanziamento di progetti di innovazione e diversificazione di prodotto\/servizio. CRIT rinnova la propria disponibilit\u00e0 a supportare le aziende nei processi di scrittura, partecipazione e rendicontazione.<\/p>\n","protected":false},"author":45,"featured_media":0,"comment_status":"closed","ping_status":"closed","sticky":false,"template":"","format":"standard","meta":{"_acf_changed":false,"inline_featured_image":false,"footnotes":""},"categories":[832,1089,27],"tags":[75,255,296,386,566,1199,1157],"class_list":["post-14289","post","type-post","status-publish","format-standard","hentry","category-notizie","category-opportunita","category-progetti","tag-bandi","tag-emilia-romagna","tag-finanziamenti","tag-innovazione","tag-pmi","tag-por-fesr-2014-2020","tag-progetto-regionali"],"acf":[],"yoast_head":"<!-- This site is optimized with the Yoast SEO plugin v27.5 - https:\/\/yoast.com\/product\/yoast-seo-wordpress\/ -->\n<title>Dalla Regione Emilia-Romagna un nuovo bando per i servizi innovativi nelle PMI &#8211; CRIT<\/title>\n<meta name=\"description\" content=\"Disponibile un nuovo bando regionale POR-FESR dedicato alle PMI per il finanziamento di progetti di innovazione e diversificazione di prodotto\/servizio.\" \/>\n<meta name=\"robots\" content=\"index, follow, max-snippet:-1, max-image-preview:large, max-video-preview:-1\" \/>\n<link rel=\"canonical\" href=\"https:\/\/crit-research.it\/it\/progetti\/bando-innovazione-pmi\/\" \/>\n<meta property=\"og:locale\" content=\"it_IT\" \/>\n<meta property=\"og:type\" content=\"article\" \/>\n<meta property=\"og:title\" content=\"Dalla Regione Emilia-Romagna un nuovo bando per i servizi innovativi nelle PMI &#8211; CRIT\" \/>\n<meta property=\"og:description\" content=\"Disponibile un nuovo bando regionale POR-FESR dedicato alle PMI per il finanziamento di progetti di innovazione e diversificazione di prodotto\/servizio.\" \/>\n<meta property=\"og:url\" content=\"https:\/\/crit-research.it\/it\/progetti\/bando-innovazione-pmi\/\" \/>\n<meta property=\"og:site_name\" content=\"CRIT\" \/>\n<meta property=\"article:publisher\" content=\"https:\/\/www.facebook.com\/CritResearch\" \/>\n<meta property=\"article:published_time\" content=\"2019-07-30T07:31:11+00:00\" \/>\n<meta property=\"article:modified_time\" content=\"2019-07-30T08:20:13+00:00\" \/>\n<meta property=\"og:image\" content=\"https:\/\/crit-research.it\/wp-content\/uploads\/2015\/05\/crit.png\" \/>\n\t<meta property=\"og:image:width\" content=\"484\" \/>\n\t<meta property=\"og:image:height\" content=\"252\" \/>\n\t<meta property=\"og:image:type\" content=\"image\/png\" \/>\n<meta name=\"author\" content=\"Riccardo Masiero\" \/>\n<meta name=\"twitter:card\" content=\"summary_large_image\" \/>\n<meta name=\"twitter:creator\" content=\"@CRIT_Research\" \/>\n<meta name=\"twitter:site\" content=\"@CRIT_Research\" \/>\n<meta name=\"twitter:label1\" content=\"Scritto da\" \/>\n\t<meta name=\"twitter:data1\" content=\"Riccardo Masiero\" \/>\n\t<meta name=\"twitter:label2\" content=\"Tempo di lettura stimato\" \/>\n\t<meta name=\"twitter:data2\" content=\"1 minuto\" \/>\n<script type=\"application\/ld+json\" class=\"yoast-schema-graph\">{\"@context\":\"https:\\\/\\\/schema.org\",\"@graph\":[{\"@type\":\"Article\",\"@id\":\"https:\\\/\\\/crit-research.it\\\/it\\\/progetti\\\/bando-innovazione-pmi\\\/#article\",\"isPartOf\":{\"@id\":\"https:\\\/\\\/crit-research.it\\\/it\\\/progetti\\\/bando-innovazione-pmi\\\/\"},\"author\":{\"name\":\"Riccardo Masiero\",\"@id\":\"https:\\\/\\\/crit-research.it\\\/it\\\/#\\\/schema\\\/person\\\/356f797b411c2d485fa486f8acaf7690\"},\"headline\":\"Dalla Regione Emilia-Romagna un nuovo bando per i servizi innovativi nelle PMI\",\"datePublished\":\"2019-07-30T07:31:11+00:00\",\"dateModified\":\"2019-07-30T08:20:13+00:00\",\"mainEntityOfPage\":{\"@id\":\"https:\\\/\\\/crit-research.it\\\/it\\\/progetti\\\/bando-innovazione-pmi\\\/\"},\"wordCount\":234,\"publisher\":{\"@id\":\"https:\\\/\\\/crit-research.it\\\/it\\\/#organization\"},\"keywords\":[\"Bandi\",\"Emilia Romagna\",\"Finanziamenti\",\"innovazione\",\"PMI\",\"POR-FESR 2014-2020\",\"Progetto Regionali\"],\"articleSection\":[\"Notizie\",\"Opportunit\u00e0\",\"Progetti\"],\"inLanguage\":\"it-IT\"},{\"@type\":\"WebPage\",\"@id\":\"https:\\\/\\\/crit-research.it\\\/it\\\/progetti\\\/bando-innovazione-pmi\\\/\",\"url\":\"https:\\\/\\\/crit-research.it\\\/it\\\/progetti\\\/bando-innovazione-pmi\\\/\",\"name\":\"Dalla Regione Emilia-Romagna un nuovo bando per i servizi innovativi nelle PMI &#8211; CRIT\",\"isPartOf\":{\"@id\":\"https:\\\/\\\/crit-research.it\\\/it\\\/#website\"},\"datePublished\":\"2019-07-30T07:31:11+00:00\",\"dateModified\":\"2019-07-30T08:20:13+00:00\",\"description\":\"Disponibile un nuovo bando regionale POR-FESR dedicato alle PMI per il finanziamento di progetti di innovazione e diversificazione di prodotto\\\/servizio.\",\"breadcrumb\":{\"@id\":\"https:\\\/\\\/crit-research.it\\\/it\\\/progetti\\\/bando-innovazione-pmi\\\/#breadcrumb\"},\"inLanguage\":\"it-IT\",\"potentialAction\":[{\"@type\":\"ReadAction\",\"target\":[\"https:\\\/\\\/crit-research.it\\\/it\\\/progetti\\\/bando-innovazione-pmi\\\/\"]}]},{\"@type\":\"BreadcrumbList\",\"@id\":\"https:\\\/\\\/crit-research.it\\\/it\\\/progetti\\\/bando-innovazione-pmi\\\/#breadcrumb\",\"itemListElement\":[{\"@type\":\"ListItem\",\"position\":1,\"name\":\"Notizie\",\"item\":\"https:\\\/\\\/crit-research.it\\\/it\\\/notizie\\\/\"},{\"@type\":\"ListItem\",\"position\":2,\"name\":\"Dalla Regione Emilia-Romagna un nuovo bando per i servizi innovativi nelle PMI\"}]},{\"@type\":\"WebSite\",\"@id\":\"https:\\\/\\\/crit-research.it\\\/it\\\/#website\",\"url\":\"https:\\\/\\\/crit-research.it\\\/it\\\/\",\"name\":\"CRIT\",\"description\":\"Scouting Your Next Technology\",\"publisher\":{\"@id\":\"https:\\\/\\\/crit-research.it\\\/it\\\/#organization\"},\"potentialAction\":[{\"@type\":\"SearchAction\",\"target\":{\"@type\":\"EntryPoint\",\"urlTemplate\":\"https:\\\/\\\/crit-research.it\\\/it\\\/?s={search_term_string}\"},\"query-input\":{\"@type\":\"PropertyValueSpecification\",\"valueRequired\":true,\"valueName\":\"search_term_string\"}}],\"inLanguage\":\"it-IT\"},{\"@type\":\"Organization\",\"@id\":\"https:\\\/\\\/crit-research.it\\\/it\\\/#organization\",\"name\":\"CRIT srl\",\"url\":\"https:\\\/\\\/crit-research.it\\\/it\\\/\",\"logo\":{\"@type\":\"ImageObject\",\"inLanguage\":\"it-IT\",\"@id\":\"https:\\\/\\\/crit-research.it\\\/it\\\/#\\\/schema\\\/logo\\\/image\\\/\",\"url\":\"https:\\\/\\\/dev.crit-research.it\\\/wp-content\\\/uploads\\\/2019\\\/10\\\/crit-horiz-tags-blu.png\",\"contentUrl\":\"https:\\\/\\\/dev.crit-research.it\\\/wp-content\\\/uploads\\\/2019\\\/10\\\/crit-horiz-tags-blu.png\",\"width\":2163,\"height\":1557,\"caption\":\"CRIT srl\"},\"image\":{\"@id\":\"https:\\\/\\\/crit-research.it\\\/it\\\/#\\\/schema\\\/logo\\\/image\\\/\"},\"sameAs\":[\"https:\\\/\\\/www.facebook.com\\\/CritResearch\",\"https:\\\/\\\/x.com\\\/CRIT_Research\",\"https:\\\/\\\/www.linkedin.com\\\/company\\\/crit-s-r-l\",\"https:\\\/\\\/www.youtube.com\\\/user\\\/CRITsrl\"]},{\"@type\":\"Person\",\"@id\":\"https:\\\/\\\/crit-research.it\\\/it\\\/#\\\/schema\\\/person\\\/356f797b411c2d485fa486f8acaf7690\",\"name\":\"Riccardo Masiero\"}]}<\/script>\n<!-- \/ Yoast SEO plugin. -->","yoast_head_json":{"title":"Dalla Regione Emilia-Romagna un nuovo bando per i servizi innovativi nelle PMI &#8211; CRIT","description":"Disponibile un nuovo bando regionale POR-FESR dedicato alle PMI per il finanziamento di progetti di innovazione e diversificazione di prodotto\/servizio.","robots":{"index":"index","follow":"follow","max-snippet":"max-snippet:-1","max-image-preview":"max-image-preview:large","max-video-preview":"max-video-preview:-1"},"canonical":"https:\/\/crit-research.it\/it\/progetti\/bando-innovazione-pmi\/","og_locale":"it_IT","og_type":"article","og_title":"Dalla Regione Emilia-Romagna un nuovo bando per i servizi innovativi nelle PMI &#8211; CRIT","og_description":"Disponibile un nuovo bando regionale POR-FESR dedicato alle PMI per il finanziamento di progetti di innovazione e diversificazione di prodotto\/servizio.","og_url":"https:\/\/crit-research.it\/it\/progetti\/bando-innovazione-pmi\/","og_site_name":"CRIT","article_publisher":"https:\/\/www.facebook.com\/CritResearch","article_published_time":"2019-07-30T07:31:11+00:00","article_modified_time":"2019-07-30T08:20:13+00:00","og_image":[{"width":484,"height":252,"url":"https:\/\/crit-research.it\/wp-content\/uploads\/2015\/05\/crit.png","type":"image\/png"}],"author":"Riccardo Masiero","twitter_card":"summary_large_image","twitter_creator":"@CRIT_Research","twitter_site":"@CRIT_Research","twitter_misc":{"Scritto da":"Riccardo Masiero","Tempo di lettura stimato":"1 minuto"},"schema":{"@context":"https:\/\/schema.org","@graph":[{"@type":"Article","@id":"https:\/\/crit-research.it\/it\/progetti\/bando-innovazione-pmi\/#article","isPartOf":{"@id":"https:\/\/crit-research.it\/it\/progetti\/bando-innovazione-pmi\/"},"author":{"name":"Riccardo Masiero","@id":"https:\/\/crit-research.it\/it\/#\/schema\/person\/356f797b411c2d485fa486f8acaf7690"},"headline":"Dalla Regione Emilia-Romagna un nuovo bando per i servizi innovativi nelle PMI","datePublished":"2019-07-30T07:31:11+00:00","dateModified":"2019-07-30T08:20:13+00:00","mainEntityOfPage":{"@id":"https:\/\/crit-research.it\/it\/progetti\/bando-innovazione-pmi\/"},"wordCount":234,"publisher":{"@id":"https:\/\/crit-research.it\/it\/#organization"},"keywords":["Bandi","Emilia Romagna","Finanziamenti","innovazione","PMI","POR-FESR 2014-2020","Progetto Regionali"],"articleSection":["Notizie","Opportunit\u00e0","Progetti"],"inLanguage":"it-IT"},{"@type":"WebPage","@id":"https:\/\/crit-research.it\/it\/progetti\/bando-innovazione-pmi\/","url":"https:\/\/crit-research.it\/it\/progetti\/bando-innovazione-pmi\/","name":"Dalla Regione Emilia-Romagna un nuovo bando per i servizi innovativi nelle PMI &#8211; CRIT","isPartOf":{"@id":"https:\/\/crit-research.it\/it\/#website"},"datePublished":"2019-07-30T07:31:11+00:00","dateModified":"2019-07-30T08:20:13+00:00","description":"Disponibile un nuovo bando regionale POR-FESR dedicato alle PMI per il finanziamento di progetti di innovazione e diversificazione di prodotto\/servizio.","breadcrumb":{"@id":"https:\/\/crit-research.it\/it\/progetti\/bando-innovazione-pmi\/#breadcrumb"},"inLanguage":"it-IT","potentialAction":[{"@type":"ReadAction","target":["https:\/\/crit-research.it\/it\/progetti\/bando-innovazione-pmi\/"]}]},{"@type":"BreadcrumbList","@id":"https:\/\/crit-research.it\/it\/progetti\/bando-innovazione-pmi\/#breadcrumb","itemListElement":[{"@type":"ListItem","position":1,"name":"Notizie","item":"https:\/\/crit-research.it\/it\/notizie\/"},{"@type":"ListItem","position":2,"name":"Dalla Regione Emilia-Romagna un nuovo bando per i servizi innovativi nelle PMI"}]},{"@type":"WebSite","@id":"https:\/\/crit-research.it\/it\/#website","url":"https:\/\/crit-research.it\/it\/","name":"CRIT","description":"Scouting Your Next Technology","publisher":{"@id":"https:\/\/crit-research.it\/it\/#organization"},"potentialAction":[{"@type":"SearchAction","target":{"@type":"EntryPoint","urlTemplate":"https:\/\/crit-research.it\/it\/?s={search_term_string}"},"query-input":{"@type":"PropertyValueSpecification","valueRequired":true,"valueName":"search_term_string"}}],"inLanguage":"it-IT"},{"@type":"Organization","@id":"https:\/\/crit-research.it\/it\/#organization","name":"CRIT srl","url":"https:\/\/crit-research.it\/it\/","logo":{"@type":"ImageObject","inLanguage":"it-IT","@id":"https:\/\/crit-research.it\/it\/#\/schema\/logo\/image\/","url":"https:\/\/dev.crit-research.it\/wp-content\/uploads\/2019\/10\/crit-horiz-tags-blu.png","contentUrl":"https:\/\/dev.crit-research.it\/wp-content\/uploads\/2019\/10\/crit-horiz-tags-blu.png","width":2163,"height":1557,"caption":"CRIT srl"},"image":{"@id":"https:\/\/crit-research.it\/it\/#\/schema\/logo\/image\/"},"sameAs":["https:\/\/www.facebook.com\/CritResearch","https:\/\/x.com\/CRIT_Research","https:\/\/www.linkedin.com\/company\/crit-s-r-l","https:\/\/www.youtube.com\/user\/CRITsrl"]},{"@type":"Person","@id":"https:\/\/crit-research.it\/it\/#\/schema\/person\/356f797b411c2d485fa486f8acaf7690","name":"Riccardo Masiero"}]}},"_links":{"self":[{"href":"https:\/\/crit-research.it\/it\/wp-json\/wp\/v2\/posts\/14289","targetHints":{"allow":["GET"]}}],"collection":[{"href":"https:\/\/crit-research.it\/it\/wp-json\/wp\/v2\/posts"}],"about":[{"href":"https:\/\/crit-research.it\/it\/wp-json\/wp\/v2\/types\/post"}],"author":[{"embeddable":true,"href":"https:\/\/crit-research.it\/it\/wp-json\/wp\/v2\/users\/45"}],"replies":[{"embeddable":true,"href":"https:\/\/crit-research.it\/it\/wp-json\/wp\/v2\/comments?post=14289"}],"version-history":[{"count":3,"href":"https:\/\/crit-research.it\/it\/wp-json\/wp\/v2\/posts\/14289\/revisions"}],"predecessor-version":[{"id":14298,"href":"https:\/\/crit-research.it\/it\/wp-json\/wp\/v2\/posts\/14289\/revisions\/14298"}],"wp:attachment":[{"href":"https:\/\/crit-research.it\/it\/wp-json\/wp\/v2\/media?parent=14289"}],"wp:term":[{"taxonomy":"category","embeddable":true,"href":"https:\/\/crit-research.it\/it\/wp-json\/wp\/v2\/categories?post=14289"},{"taxonomy":"post_tag","embeddable":true,"href":"https:\/\/crit-research.it\/it\/wp-json\/wp\/v2\/tags?post=14289"}],"curies":[{"name":"wp","href":"https:\/\/api.w.org\/{rel}","templated":true}]}}